{"id":571,"date":"2018-06-17T11:20:23","date_gmt":"2018-06-17T09:20:23","guid":{"rendered":"http:\/\/agora.xtec.cat\/escolamestralvilanova\/?p=571"},"modified":"2018-06-17T11:20:23","modified_gmt":"2018-06-17T09:20:23","slug":"orles-sise","status":"publish","type":"post","link":"https:\/\/agora.xtec.cat\/escolamestralvilanova\/portada\/orles-sise\/","title":{"rendered":"ORLES SIS\u00c8"},"content":{"rendered":"<p>Amb motiu de la finalitzaci\u00f3 de la seva etapa a l&#8217;ecola, el passat dissabte 16 de juny es van entregar les orles als alumnes de sis\u00e8.<\/p>\n<p><em>Tota la comunitat educativa de l&#8217;escola Mestral us desitja molta sort. L&#8217;escola Mestral sempre ser\u00e0 la vostra escola<\/em><\/p>\n<p><a href=\"http:\/\/agora.xtec.cat\/escolamestralvilanova\/wp-content\/uploads\/usu729\/2018\/06\/UNADJUSTEDNONRAW_thumb_792c.jpg\"><img loading=\"lazy\" decoding=\"async\" class=\"alignnone size-medium wp-image-572\" src=\"http:\/\/agora.xtec.cat\/escolamestralvilanova\/wp-content\/uploads\/usu729\/2018\/06\/UNADJUSTEDNONRAW_thumb_792c-300x262.jpg\" alt=\"\" width=\"300\" height=\"262\" srcset=\"https:\/\/agora.xtec.cat\/escolamestralvilanova\/wp-content\/uploads\/usu729\/2018\/06\/UNADJUSTEDNONRAW_thumb_792c-300x262.jpg 300w, https:\/\/agora.xtec.cat\/escolamestralvilanova\/wp-content\/uploads\/usu729\/2018\/06\/UNADJUSTEDNONRAW_thumb_792c-768x671.jpg 768w, https:\/\/agora.xtec.cat\/escolamestralvilanova\/wp-content\/uploads\/usu729\/2018\/06\/UNADJUSTEDNONRAW_thumb_792c.jpg 1024w\" sizes=\"auto, (max-width: 300px) 100vw, 300px\" \/><\/a><\/p>\n<p><a href=\"https:\/\/drive.google.com\/file\/d\/1kHcL3ZT3t0BFupS_WjvNzZ0mOvJe4Bzu\/view?usp=sharing\">V\u00cdDEO ORLES<\/a><\/p>\n","protected":false},"excerpt":{"rendered":"<p>Amb motiu de la finalitzaci\u00f3 de la seva etapa a l&#8217;ecola, el passat dissabte 16 de juny es van entregar les orles als alumnes de sis\u00e8.<br \/>\nTota la comunitat educativa de l&#8217;escola Mestral us desitja molta sort. L&#8217;escola Mestral sempre ser\u00e0 la vostra escola<br \/>\n<a href=\"http:\/\/agora.xtec.cat\/escolamestralvilanova\/wp-content\/uploads\/usu729\/2018\/06\/UNADJUSTEDNONRAW_thumb_792c.jpg\"><\/a><br \/>\n<a href=\"https:\/\/drive.google.com\/file\/d\/1kHcL3ZT3t0BFupS_WjvNzZ0mOvJe4Bzu\/view?usp=sharing\">V\u00cdDEO&hellip;  <a href=\"https:\/\/agora.xtec.cat\/escolamestralvilanova\/portada\/orles-sise\/\" title=\"Read ORLES SIS\u00c8\">Llegeix m\u00e9s\u00bb<\/a><\/p>\n","protected":false},"author":1,"featured_media":0,"comment_status":"open","ping_status":"closed","sticky":false,"template":"","format":"standard","meta":{"_bbp_topic_count":0,"_bbp_reply_count":0,"_bbp_total_topic_count":0,"_bbp_total_reply_count":0,"_bbp_voice_count":0,"_bbp_anonymous_reply_count":0,"_bbp_topic_count_hidden":0,"_bbp_reply_count_hidden":0,"_bbp_forum_subforum_count":0,"footnotes":""},"categories":[4],"tags":[],"class_list":["post-571","post","type-post","status-publish","format-standard","hentry","category-portada"],"post_mailing_queue_ids":[],"_links":{"self":[{"href":"https:\/\/agora.xtec.cat\/escolamestralvilanova\/wp-json\/wp\/v2\/posts\/571","targetHints":{"allow":["GET"]}}],"collection":[{"href":"https:\/\/agora.xtec.cat\/escolamestralvilanova\/wp-json\/wp\/v2\/posts"}],"about":[{"href":"https:\/\/agora.xtec.cat\/escolamestralvilanova\/wp-json\/wp\/v2\/types\/post"}],"author":[{"embeddable":true,"href":"https:\/\/agora.xtec.cat\/escolamestralvilanova\/wp-json\/wp\/v2\/users\/1"}],"replies":[{"embeddable":true,"href":"https:\/\/agora.xtec.cat\/escolamestralvilanova\/wp-json\/wp\/v2\/comments?post=571"}],"version-history":[{"count":1,"href":"https:\/\/agora.xtec.cat\/escolamestralvilanova\/wp-json\/wp\/v2\/posts\/571\/revisions"}],"predecessor-version":[{"id":573,"href":"https:\/\/agora.xtec.cat\/escolamestralvilanova\/wp-json\/wp\/v2\/posts\/571\/revisions\/573"}],"wp:attachment":[{"href":"https:\/\/agora.xtec.cat\/escolamestralvilanova\/wp-json\/wp\/v2\/media?parent=571"}],"wp:term":[{"taxonomy":"category","embeddable":true,"href":"https:\/\/agora.xtec.cat\/escolamestralvilanova\/wp-json\/wp\/v2\/categories?post=571"},{"taxonomy":"post_tag","embeddable":true,"href":"https:\/\/agora.xtec.cat\/escolamestralvilanova\/wp-json\/wp\/v2\/tags?post=571"}],"curies":[{"name":"wp","href":"https:\/\/api.w.org\/{rel}","templated":true}]}}