{"id":5605,"date":"2021-06-09T18:40:24","date_gmt":"2021-06-09T16:40:24","guid":{"rendered":"http:\/\/agora.xtec.cat\/escolamestralvilanova\/?p=5605"},"modified":"2021-06-09T18:41:05","modified_gmt":"2021-06-09T16:41:05","slug":"el-leo-fa-2-anys","status":"publish","type":"post","link":"https:\/\/agora.xtec.cat\/escolamestralvilanova\/infantil\/el-leo-fa-2-anys\/","title":{"rendered":"EL LEO FA 2 ANYS"},"content":{"rendered":"<p style=\"text-align: justify;\">Avui a l&#8217;escoleta hem celebrat el segon aniversari del Leo!<img decoding=\"async\" class=\"CToWUd\" src=\"https:\/\/mail.google.com\/mail\/e\/1f382\" alt=\"\ud83c\udf82\" data-goomoji=\"1f382\" data-image-whitelisted=\"\" \/><br \/>\nLi hem decorat una corona i pintat una fusteta com a regal!<br \/>\nTamb\u00e9 li hem cantat i ballat la can\u00e7\u00f3 d&#8217;aniversari i ho hem celebrat jugant amb globus i confeti!!\u00a0<img decoding=\"async\" class=\"CToWUd\" src=\"https:\/\/mail.google.com\/mail\/e\/1f389\" alt=\"\ud83c\udf89\" data-goomoji=\"1f389\" data-image-whitelisted=\"\" \/><img decoding=\"async\" class=\"CToWUd\" src=\"https:\/\/mail.google.com\/mail\/e\/1f388\" alt=\"\ud83c\udf88\" data-goomoji=\"1f388\" data-image-whitelisted=\"\" \/><br \/>\nA m\u00e9s, ens ha portat un regal per l&#8217;aula: un calendari setmanal de fusta que cont\u00e9 7 nins, cadascun dels quals representen els dies de la setmana! Avui ja l&#8217;hem estrenat! Moltes gr\u00e0cies, ens ha encantat!\u00a0<img decoding=\"async\" class=\"CToWUd\" src=\"https:\/\/mail.google.com\/mail\/e\/1f44f\" alt=\"\ud83d\udc4f\" data-goomoji=\"1f44f\" data-image-whitelisted=\"\" \/><\/p>\n<ul>\n<li><a href=\"https:\/\/photos.app.goo.gl\/RyKvDj5bCU38HkrQA\">ENLLA\u00c7 A LES FOTOGRAFIES<\/a><\/li>\n<\/ul>\n<p><a href=\"https:\/\/photos.app.goo.gl\/RyKvDj5bCU38HkrQA\"><img loading=\"lazy\" decoding=\"async\" class=\"alignnone size-medium wp-image-5606\" src=\"https:\/\/agora.xtec.cat\/escolamestralvilanova\/wp-content\/uploads\/usu729\/2021\/06\/IMG_20210609_103710-300x300.jpg\" alt=\"\" width=\"300\" height=\"300\" srcset=\"https:\/\/agora.xtec.cat\/escolamestralvilanova\/wp-content\/uploads\/usu729\/2021\/06\/IMG_20210609_103710-300x300.jpg 300w, https:\/\/agora.xtec.cat\/escolamestralvilanova\/wp-content\/uploads\/usu729\/2021\/06\/IMG_20210609_103710-150x150.jpg 150w, https:\/\/agora.xtec.cat\/escolamestralvilanova\/wp-content\/uploads\/usu729\/2021\/06\/IMG_20210609_103710-768x768.jpg 768w, https:\/\/agora.xtec.cat\/escolamestralvilanova\/wp-content\/uploads\/usu729\/2021\/06\/IMG_20210609_103710-1024x1024.jpg 1024w\" sizes=\"auto, (max-width: 300px) 100vw, 300px\" \/><\/a><\/p>\n","protected":false},"excerpt":{"rendered":"<p>Avui a l&#8217;escoleta hem celebrat el segon aniversari del Leo!<br \/>\nLi hem decorat una corona i pintat una fusteta com a regal!<br \/>\nTamb\u00e9 li hem cantat i ballat la can\u00e7\u00f3 d&#8217;aniversari i ho hem celebrat jugant amb globus i confeti!!\u00a0<br \/>\nA m\u00e9s, ens ha portat un regal per&hellip;  <a href=\"https:\/\/agora.xtec.cat\/escolamestralvilanova\/infantil\/el-leo-fa-2-anys\/\" title=\"Read EL LEO FA 2 ANYS\">Llegeix m\u00e9s\u00bb<\/a><\/p>\n","protected":false},"author":1,"featured_media":0,"comment_status":"open","ping_status":"closed","sticky":false,"template":"","format":"standard","meta":{"_bbp_topic_count":0,"_bbp_reply_count":0,"_bbp_total_topic_count":0,"_bbp_total_reply_count":0,"_bbp_voice_count":0,"_bbp_anonymous_reply_count":0,"_bbp_topic_count_hidden":0,"_bbp_reply_count_hidden":0,"_bbp_forum_subforum_count":0,"footnotes":""},"categories":[14,59,2,4],"tags":[],"class_list":["post-5605","post","type-post","status-publish","format-standard","hentry","category-ei1-ei2","category-primer-cicle-ed-infantil","category-infantil","category-portada"],"post_mailing_queue_ids":[],"_links":{"self":[{"href":"https:\/\/agora.xtec.cat\/escolamestralvilanova\/wp-json\/wp\/v2\/posts\/5605","targetHints":{"allow":["GET"]}}],"collection":[{"href":"https:\/\/agora.xtec.cat\/escolamestralvilanova\/wp-json\/wp\/v2\/posts"}],"about":[{"href":"https:\/\/agora.xtec.cat\/escolamestralvilanova\/wp-json\/wp\/v2\/types\/post"}],"author":[{"embeddable":true,"href":"https:\/\/agora.xtec.cat\/escolamestralvilanova\/wp-json\/wp\/v2\/users\/1"}],"replies":[{"embeddable":true,"href":"https:\/\/agora.xtec.cat\/escolamestralvilanova\/wp-json\/wp\/v2\/comments?post=5605"}],"version-history":[{"count":2,"href":"https:\/\/agora.xtec.cat\/escolamestralvilanova\/wp-json\/wp\/v2\/posts\/5605\/revisions"}],"predecessor-version":[{"id":5608,"href":"https:\/\/agora.xtec.cat\/escolamestralvilanova\/wp-json\/wp\/v2\/posts\/5605\/revisions\/5608"}],"wp:attachment":[{"href":"https:\/\/agora.xtec.cat\/escolamestralvilanova\/wp-json\/wp\/v2\/media?parent=5605"}],"wp:term":[{"taxonomy":"category","embeddable":true,"href":"https:\/\/agora.xtec.cat\/escolamestralvilanova\/wp-json\/wp\/v2\/categories?post=5605"},{"taxonomy":"post_tag","embeddable":true,"href":"https:\/\/agora.xtec.cat\/escolamestralvilanova\/wp-json\/wp\/v2\/tags?post=5605"}],"curies":[{"name":"wp","href":"https:\/\/api.w.org\/{rel}","templated":true}]}}