{"id":5590,"date":"2021-06-04T14:15:11","date_gmt":"2021-06-04T12:15:11","guid":{"rendered":"http:\/\/agora.xtec.cat\/escolamestralvilanova\/?p=5590"},"modified":"2021-06-04T16:47:53","modified_gmt":"2021-06-04T14:47:53","slug":"presentacions-el-cos-huma-v","status":"publish","type":"post","link":"https:\/\/agora.xtec.cat\/escolamestralvilanova\/portada\/presentacions-el-cos-huma-v\/","title":{"rendered":"PRESENTACIONS EL COS HUM\u00c0 V"},"content":{"rendered":"<p style=\"text-align: justify;\">Finalment, avui ha estat el torn de l&#8217;Ariadna, l&#8217;\u00c8ric i el Derek alumnes de sis\u00e8. Ens han presentat els seus treballs sobre &#8220;El cos hum\u00e0&#8221;.<\/p>\n<ul>\n<li><a href=\"https:\/\/photos.app.goo.gl\/VCeEP3poG8QdZH2w8\">ACC\u00c9S A LES PRESENTACIONS<\/a><\/li>\n<\/ul>\n<p><a href=\"https:\/\/photos.app.goo.gl\/gRMGcrusufRHZwqc8\"><img loading=\"lazy\" decoding=\"async\" class=\"alignnone size-medium wp-image-5591\" src=\"https:\/\/agora.xtec.cat\/escolamestralvilanova\/wp-content\/uploads\/usu729\/2021\/06\/Captura-de-Pantalla-2021-06-04-a-les-16.42.36-300x169.png\" alt=\"\" width=\"300\" height=\"169\" srcset=\"https:\/\/agora.xtec.cat\/escolamestralvilanova\/wp-content\/uploads\/usu729\/2021\/06\/Captura-de-Pantalla-2021-06-04-a-les-16.42.36-300x169.png 300w, https:\/\/agora.xtec.cat\/escolamestralvilanova\/wp-content\/uploads\/usu729\/2021\/06\/Captura-de-Pantalla-2021-06-04-a-les-16.42.36-768x432.png 768w, https:\/\/agora.xtec.cat\/escolamestralvilanova\/wp-content\/uploads\/usu729\/2021\/06\/Captura-de-Pantalla-2021-06-04-a-les-16.42.36.png 1000w\" sizes=\"auto, (max-width: 300px) 100vw, 300px\" \/> <\/a><\/p>\n<p><a href=\"https:\/\/photos.app.goo.gl\/4p4AzqZ5C1tf1Ecy6\"><img loading=\"lazy\" decoding=\"async\" class=\"alignnone size-medium wp-image-5592\" src=\"https:\/\/agora.xtec.cat\/escolamestralvilanova\/wp-content\/uploads\/usu729\/2021\/06\/Captura-de-Pantalla-2021-06-04-a-les-16.42.28-300x168.png\" alt=\"\" width=\"300\" height=\"168\" srcset=\"https:\/\/agora.xtec.cat\/escolamestralvilanova\/wp-content\/uploads\/usu729\/2021\/06\/Captura-de-Pantalla-2021-06-04-a-les-16.42.28-300x168.png 300w, https:\/\/agora.xtec.cat\/escolamestralvilanova\/wp-content\/uploads\/usu729\/2021\/06\/Captura-de-Pantalla-2021-06-04-a-les-16.42.28-768x430.png 768w, https:\/\/agora.xtec.cat\/escolamestralvilanova\/wp-content\/uploads\/usu729\/2021\/06\/Captura-de-Pantalla-2021-06-04-a-les-16.42.28.png 1000w\" sizes=\"auto, (max-width: 300px) 100vw, 300px\" \/><\/a><\/p>\n<p><a href=\"https:\/\/photos.app.goo.gl\/i7xSZ53wNJrMHKN3A\"> <img loading=\"lazy\" decoding=\"async\" class=\"alignnone size-medium wp-image-5593\" src=\"https:\/\/agora.xtec.cat\/escolamestralvilanova\/wp-content\/uploads\/usu729\/2021\/06\/Captura-de-Pantalla-2021-06-04-a-les-16.42.20-300x168.png\" alt=\"\" width=\"300\" height=\"168\" srcset=\"https:\/\/agora.xtec.cat\/escolamestralvilanova\/wp-content\/uploads\/usu729\/2021\/06\/Captura-de-Pantalla-2021-06-04-a-les-16.42.20-300x168.png 300w, https:\/\/agora.xtec.cat\/escolamestralvilanova\/wp-content\/uploads\/usu729\/2021\/06\/Captura-de-Pantalla-2021-06-04-a-les-16.42.20-768x431.png 768w, https:\/\/agora.xtec.cat\/escolamestralvilanova\/wp-content\/uploads\/usu729\/2021\/06\/Captura-de-Pantalla-2021-06-04-a-les-16.42.20.png 1000w\" sizes=\"auto, (max-width: 300px) 100vw, 300px\" \/><\/a><\/p>\n<p>&nbsp;<\/p>\n","protected":false},"excerpt":{"rendered":"<p>Finalment, avui ha estat el torn de l&#8217;Ariadna, l&#8217;\u00c8ric i el Derek alumnes de sis\u00e8. Ens han presentat els seus treballs sobre &#8220;El cos hum\u00e0&#8221;.<\/p>\n<ul>\n<li><a href=\"https:\/\/photos.app.goo.gl\/VCeEP3poG8QdZH2w8\">ACC\u00c9S A LES PRESENTACIONS<\/a><\/li>\n<\/ul>\n<p><a href=\"https:\/\/photos.app.goo.gl\/gRMGcrusufRHZwqc8\"> <\/a><br \/>\n<a href=\"https:\/\/photos.app.goo.gl\/4p4AzqZ5C1tf1Ecy6\"><\/a><br \/>\n<a href=\"https:\/\/photos.app.goo.gl\/i7xSZ53wNJrMHKN3A\"> <\/a><br \/>\n&nbsp;<\/p>\n","protected":false},"author":1,"featured_media":0,"comment_status":"open","ping_status":"closed","sticky":false,"template":"","format":"standard","meta":{"_bbp_topic_count":0,"_bbp_reply_count":0,"_bbp_total_topic_count":0,"_bbp_total_reply_count":0,"_bbp_voice_count":0,"_bbp_anonymous_reply_count":0,"_bbp_topic_count_hidden":0,"_bbp_reply_count_hidden":0,"_bbp_forum_subforum_count":0,"footnotes":""},"categories":[15,4,5],"tags":[],"class_list":["post-5590","post","type-post","status-publish","format-standard","hentry","category-cicle-superior","category-portada","category-primaria"],"post_mailing_queue_ids":[],"_links":{"self":[{"href":"https:\/\/agora.xtec.cat\/escolamestralvilanova\/wp-json\/wp\/v2\/posts\/5590","targetHints":{"allow":["GET"]}}],"collection":[{"href":"https:\/\/agora.xtec.cat\/escolamestralvilanova\/wp-json\/wp\/v2\/posts"}],"about":[{"href":"https:\/\/agora.xtec.cat\/escolamestralvilanova\/wp-json\/wp\/v2\/types\/post"}],"author":[{"embeddable":true,"href":"https:\/\/agora.xtec.cat\/escolamestralvilanova\/wp-json\/wp\/v2\/users\/1"}],"replies":[{"embeddable":true,"href":"https:\/\/agora.xtec.cat\/escolamestralvilanova\/wp-json\/wp\/v2\/comments?post=5590"}],"version-history":[{"count":1,"href":"https:\/\/agora.xtec.cat\/escolamestralvilanova\/wp-json\/wp\/v2\/posts\/5590\/revisions"}],"predecessor-version":[{"id":5594,"href":"https:\/\/agora.xtec.cat\/escolamestralvilanova\/wp-json\/wp\/v2\/posts\/5590\/revisions\/5594"}],"wp:attachment":[{"href":"https:\/\/agora.xtec.cat\/escolamestralvilanova\/wp-json\/wp\/v2\/media?parent=5590"}],"wp:term":[{"taxonomy":"category","embeddable":true,"href":"https:\/\/agora.xtec.cat\/escolamestralvilanova\/wp-json\/wp\/v2\/categories?post=5590"},{"taxonomy":"post_tag","embeddable":true,"href":"https:\/\/agora.xtec.cat\/escolamestralvilanova\/wp-json\/wp\/v2\/tags?post=5590"}],"curies":[{"name":"wp","href":"https:\/\/api.w.org\/{rel}","templated":true}]}}