{"id":5562,"date":"2021-06-03T16:58:15","date_gmt":"2021-06-03T14:58:15","guid":{"rendered":"http:\/\/agora.xtec.cat\/escolamestralvilanova\/?p=5562"},"modified":"2021-06-03T16:58:26","modified_gmt":"2021-06-03T14:58:26","slug":"presentacions-el-cos-huma-iv","status":"publish","type":"post","link":"https:\/\/agora.xtec.cat\/escolamestralvilanova\/general\/presentacions-el-cos-huma-iv\/","title":{"rendered":"PRESENTACIONS EL COS HUM\u00c0 IV"},"content":{"rendered":"<p style=\"text-align: justify;\">Avui ha estat el torn de la J\u00falia, l&#8217;\u00c0lex i el Roger alumnes de sis\u00e8. Ens han presentat els seus treballs sobre &#8220;El cos hum\u00e0&#8221;.<\/p>\n<ul>\n<li><a href=\"https:\/\/photos.app.goo.gl\/VCeEP3poG8QdZH2w8\">ACC\u00c9S A LES PRESENTACIONS<\/a><\/li>\n<\/ul>\n<p><a href=\"https:\/\/photos.app.goo.gl\/4icZSE7uZ5CgGXUi7\"><img loading=\"lazy\" decoding=\"async\" class=\"alignnone size-medium wp-image-5565\" src=\"https:\/\/agora.xtec.cat\/escolamestralvilanova\/wp-content\/uploads\/usu729\/2021\/06\/Captura-de-Pantalla-2021-06-03-a-les-16.54.59-300x170.png\" alt=\"\" width=\"300\" height=\"170\" srcset=\"https:\/\/agora.xtec.cat\/escolamestralvilanova\/wp-content\/uploads\/usu729\/2021\/06\/Captura-de-Pantalla-2021-06-03-a-les-16.54.59-300x170.png 300w, https:\/\/agora.xtec.cat\/escolamestralvilanova\/wp-content\/uploads\/usu729\/2021\/06\/Captura-de-Pantalla-2021-06-03-a-les-16.54.59-768x435.png 768w, https:\/\/agora.xtec.cat\/escolamestralvilanova\/wp-content\/uploads\/usu729\/2021\/06\/Captura-de-Pantalla-2021-06-03-a-les-16.54.59.png 1000w\" sizes=\"auto, (max-width: 300px) 100vw, 300px\" \/> <\/a><\/p>\n<p><a href=\"https:\/\/photos.app.goo.gl\/p6W9FtJ5xXvz6vxh9\"><img loading=\"lazy\" decoding=\"async\" class=\"alignnone size-medium wp-image-5566\" src=\"https:\/\/agora.xtec.cat\/escolamestralvilanova\/wp-content\/uploads\/usu729\/2021\/06\/Captura-de-Pantalla-2021-06-03-a-les-16.54.51-300x169.png\" alt=\"\" width=\"300\" height=\"169\" srcset=\"https:\/\/agora.xtec.cat\/escolamestralvilanova\/wp-content\/uploads\/usu729\/2021\/06\/Captura-de-Pantalla-2021-06-03-a-les-16.54.51-300x169.png 300w, https:\/\/agora.xtec.cat\/escolamestralvilanova\/wp-content\/uploads\/usu729\/2021\/06\/Captura-de-Pantalla-2021-06-03-a-les-16.54.51-768x432.png 768w, https:\/\/agora.xtec.cat\/escolamestralvilanova\/wp-content\/uploads\/usu729\/2021\/06\/Captura-de-Pantalla-2021-06-03-a-les-16.54.51.png 1000w\" sizes=\"auto, (max-width: 300px) 100vw, 300px\" \/><\/a><\/p>\n<p><a href=\"https:\/\/photos.app.goo.gl\/bYAYZEMzVRxMunJz8\"> <img loading=\"lazy\" decoding=\"async\" class=\"alignnone size-medium wp-image-5567\" src=\"https:\/\/agora.xtec.cat\/escolamestralvilanova\/wp-content\/uploads\/usu729\/2021\/06\/Captura-de-Pantalla-2021-06-03-a-les-16.54.45-300x167.png\" alt=\"\" width=\"300\" height=\"167\" srcset=\"https:\/\/agora.xtec.cat\/escolamestralvilanova\/wp-content\/uploads\/usu729\/2021\/06\/Captura-de-Pantalla-2021-06-03-a-les-16.54.45-300x167.png 300w, https:\/\/agora.xtec.cat\/escolamestralvilanova\/wp-content\/uploads\/usu729\/2021\/06\/Captura-de-Pantalla-2021-06-03-a-les-16.54.45-768x429.png 768w, https:\/\/agora.xtec.cat\/escolamestralvilanova\/wp-content\/uploads\/usu729\/2021\/06\/Captura-de-Pantalla-2021-06-03-a-les-16.54.45.png 1000w\" sizes=\"auto, (max-width: 300px) 100vw, 300px\" \/><\/a><\/p>\n","protected":false},"excerpt":{"rendered":"<p>Avui ha estat el torn de la J\u00falia, l&#8217;\u00c0lex i el Roger alumnes de sis\u00e8. Ens han presentat els seus treballs sobre &#8220;El cos hum\u00e0&#8221;.<\/p>\n<ul>\n<li><a href=\"https:\/\/photos.app.goo.gl\/VCeEP3poG8QdZH2w8\">ACC\u00c9S A LES PRESENTACIONS<\/a><\/li>\n<\/ul>\n<p><a href=\"https:\/\/photos.app.goo.gl\/4icZSE7uZ5CgGXUi7\"> <\/a><br \/>\n<a href=\"https:\/\/photos.app.goo.gl\/p6W9FtJ5xXvz6vxh9\"><\/a><br \/>\n<a href=\"https:\/\/photos.app.goo.gl\/bYAYZEMzVRxMunJz8\"> <\/a><\/p>\n","protected":false},"author":1,"featured_media":0,"comment_status":"open","ping_status":"closed","sticky":false,"template":"","format":"standard","meta":{"_bbp_topic_count":0,"_bbp_reply_count":0,"_bbp_total_topic_count":0,"_bbp_total_reply_count":0,"_bbp_voice_count":0,"_bbp_anonymous_reply_count":0,"_bbp_topic_count_hidden":0,"_bbp_reply_count_hidden":0,"_bbp_forum_subforum_count":0,"footnotes":""},"categories":[15,1,4,5],"tags":[],"class_list":["post-5562","post","type-post","status-publish","format-standard","hentry","category-cicle-superior","category-general","category-portada","category-primaria"],"post_mailing_queue_ids":[],"_links":{"self":[{"href":"https:\/\/agora.xtec.cat\/escolamestralvilanova\/wp-json\/wp\/v2\/posts\/5562","targetHints":{"allow":["GET"]}}],"collection":[{"href":"https:\/\/agora.xtec.cat\/escolamestralvilanova\/wp-json\/wp\/v2\/posts"}],"about":[{"href":"https:\/\/agora.xtec.cat\/escolamestralvilanova\/wp-json\/wp\/v2\/types\/post"}],"author":[{"embeddable":true,"href":"https:\/\/agora.xtec.cat\/escolamestralvilanova\/wp-json\/wp\/v2\/users\/1"}],"replies":[{"embeddable":true,"href":"https:\/\/agora.xtec.cat\/escolamestralvilanova\/wp-json\/wp\/v2\/comments?post=5562"}],"version-history":[{"count":3,"href":"https:\/\/agora.xtec.cat\/escolamestralvilanova\/wp-json\/wp\/v2\/posts\/5562\/revisions"}],"predecessor-version":[{"id":5569,"href":"https:\/\/agora.xtec.cat\/escolamestralvilanova\/wp-json\/wp\/v2\/posts\/5562\/revisions\/5569"}],"wp:attachment":[{"href":"https:\/\/agora.xtec.cat\/escolamestralvilanova\/wp-json\/wp\/v2\/media?parent=5562"}],"wp:term":[{"taxonomy":"category","embeddable":true,"href":"https:\/\/agora.xtec.cat\/escolamestralvilanova\/wp-json\/wp\/v2\/categories?post=5562"},{"taxonomy":"post_tag","embeddable":true,"href":"https:\/\/agora.xtec.cat\/escolamestralvilanova\/wp-json\/wp\/v2\/tags?post=5562"}],"curies":[{"name":"wp","href":"https:\/\/api.w.org\/{rel}","templated":true}]}}