{"id":5556,"date":"2021-06-02T17:31:46","date_gmt":"2021-06-02T15:31:46","guid":{"rendered":"http:\/\/agora.xtec.cat\/escolamestralvilanova\/?p=5556"},"modified":"2021-06-03T13:36:18","modified_gmt":"2021-06-03T11:36:18","slug":"presentacions-el-cos-huma-iii","status":"publish","type":"post","link":"https:\/\/agora.xtec.cat\/escolamestralvilanova\/general\/presentacions-el-cos-huma-iii\/","title":{"rendered":"PRESENTACIONS EL COS HUM\u00c0 III"},"content":{"rendered":"<p style=\"text-align: justify;\">Avui ha estat el torn de la J\u00falia, l&#8217;\u00c0lex i el Roger alumnes de sis\u00e8. Ens han presentat els seus treballs sobre &#8220;El cos hum\u00e0&#8221;.<\/p>\n<ul>\n<li><a href=\"https:\/\/photos.app.goo.gl\/VCeEP3poG8QdZH2w8\">ACC\u00c9S A LES PRESENTACIONS<\/a><\/li>\n<\/ul>\n<p><a href=\"https:\/\/photos.app.goo.gl\/93pcdFRt2WifKUdG7\"><img loading=\"lazy\" decoding=\"async\" class=\"alignnone size-medium wp-image-5557\" src=\"https:\/\/agora.xtec.cat\/escolamestralvilanova\/wp-content\/uploads\/usu729\/2021\/06\/Captura-de-Pantalla-2021-06-03-a-les-13.31.24-300x168.png\" alt=\"\" width=\"300\" height=\"168\" srcset=\"https:\/\/agora.xtec.cat\/escolamestralvilanova\/wp-content\/uploads\/usu729\/2021\/06\/Captura-de-Pantalla-2021-06-03-a-les-13.31.24-300x168.png 300w, https:\/\/agora.xtec.cat\/escolamestralvilanova\/wp-content\/uploads\/usu729\/2021\/06\/Captura-de-Pantalla-2021-06-03-a-les-13.31.24-768x431.png 768w, https:\/\/agora.xtec.cat\/escolamestralvilanova\/wp-content\/uploads\/usu729\/2021\/06\/Captura-de-Pantalla-2021-06-03-a-les-13.31.24.png 1000w\" sizes=\"auto, (max-width: 300px) 100vw, 300px\" \/><\/a><\/p>\n<p><a href=\"https:\/\/photos.app.goo.gl\/M4Wpqieimk3deQrf6\"> <img loading=\"lazy\" decoding=\"async\" class=\"alignnone size-medium wp-image-5558\" src=\"https:\/\/agora.xtec.cat\/escolamestralvilanova\/wp-content\/uploads\/usu729\/2021\/06\/Captura-de-Pantalla-2021-06-03-a-les-10.01.13-300x169.png\" alt=\"\" width=\"300\" height=\"169\" srcset=\"https:\/\/agora.xtec.cat\/escolamestralvilanova\/wp-content\/uploads\/usu729\/2021\/06\/Captura-de-Pantalla-2021-06-03-a-les-10.01.13-300x169.png 300w, https:\/\/agora.xtec.cat\/escolamestralvilanova\/wp-content\/uploads\/usu729\/2021\/06\/Captura-de-Pantalla-2021-06-03-a-les-10.01.13-768x432.png 768w, https:\/\/agora.xtec.cat\/escolamestralvilanova\/wp-content\/uploads\/usu729\/2021\/06\/Captura-de-Pantalla-2021-06-03-a-les-10.01.13.png 1000w\" sizes=\"auto, (max-width: 300px) 100vw, 300px\" \/><\/a><\/p>\n<p><a href=\"https:\/\/photos.app.goo.gl\/kTYArMDK9H85fto57\"> <img loading=\"lazy\" decoding=\"async\" class=\"alignnone size-medium wp-image-5559\" src=\"https:\/\/agora.xtec.cat\/escolamestralvilanova\/wp-content\/uploads\/usu729\/2021\/06\/Captura-de-Pantalla-2021-06-03-a-les-10.01.06-300x169.png\" alt=\"\" width=\"300\" height=\"169\" srcset=\"https:\/\/agora.xtec.cat\/escolamestralvilanova\/wp-content\/uploads\/usu729\/2021\/06\/Captura-de-Pantalla-2021-06-03-a-les-10.01.06-300x169.png 300w, https:\/\/agora.xtec.cat\/escolamestralvilanova\/wp-content\/uploads\/usu729\/2021\/06\/Captura-de-Pantalla-2021-06-03-a-les-10.01.06-768x432.png 768w, https:\/\/agora.xtec.cat\/escolamestralvilanova\/wp-content\/uploads\/usu729\/2021\/06\/Captura-de-Pantalla-2021-06-03-a-les-10.01.06.png 1000w\" sizes=\"auto, (max-width: 300px) 100vw, 300px\" \/><\/a><\/p>\n","protected":false},"excerpt":{"rendered":"<p>Avui ha estat el torn de la J\u00falia, l&#8217;\u00c0lex i el Roger alumnes de sis\u00e8. Ens han presentat els seus treballs sobre &#8220;El cos hum\u00e0&#8221;.<\/p>\n<ul>\n<li><a href=\"https:\/\/photos.app.goo.gl\/VCeEP3poG8QdZH2w8\">ACC\u00c9S A LES PRESENTACIONS<\/a><\/li>\n<\/ul>\n<p><a href=\"https:\/\/photos.app.goo.gl\/93pcdFRt2WifKUdG7\"><\/a><br \/>\n<a href=\"https:\/\/photos.app.goo.gl\/M4Wpqieimk3deQrf6\"> <\/a><br \/>\n<a href=\"https:\/\/photos.app.goo.gl\/kTYArMDK9H85fto57\"> <\/a><\/p>\n","protected":false},"author":1,"featured_media":0,"comment_status":"open","ping_status":"closed","sticky":false,"template":"","format":"standard","meta":{"_bbp_topic_count":0,"_bbp_reply_count":0,"_bbp_total_topic_count":0,"_bbp_total_reply_count":0,"_bbp_voice_count":0,"_bbp_anonymous_reply_count":0,"_bbp_topic_count_hidden":0,"_bbp_reply_count_hidden":0,"_bbp_forum_subforum_count":0,"footnotes":""},"categories":[15,1,4,5],"tags":[],"class_list":["post-5556","post","type-post","status-publish","format-standard","hentry","category-cicle-superior","category-general","category-portada","category-primaria"],"post_mailing_queue_ids":[],"_links":{"self":[{"href":"https:\/\/agora.xtec.cat\/escolamestralvilanova\/wp-json\/wp\/v2\/posts\/5556","targetHints":{"allow":["GET"]}}],"collection":[{"href":"https:\/\/agora.xtec.cat\/escolamestralvilanova\/wp-json\/wp\/v2\/posts"}],"about":[{"href":"https:\/\/agora.xtec.cat\/escolamestralvilanova\/wp-json\/wp\/v2\/types\/post"}],"author":[{"embeddable":true,"href":"https:\/\/agora.xtec.cat\/escolamestralvilanova\/wp-json\/wp\/v2\/users\/1"}],"replies":[{"embeddable":true,"href":"https:\/\/agora.xtec.cat\/escolamestralvilanova\/wp-json\/wp\/v2\/comments?post=5556"}],"version-history":[{"count":1,"href":"https:\/\/agora.xtec.cat\/escolamestralvilanova\/wp-json\/wp\/v2\/posts\/5556\/revisions"}],"predecessor-version":[{"id":5560,"href":"https:\/\/agora.xtec.cat\/escolamestralvilanova\/wp-json\/wp\/v2\/posts\/5556\/revisions\/5560"}],"wp:attachment":[{"href":"https:\/\/agora.xtec.cat\/escolamestralvilanova\/wp-json\/wp\/v2\/media?parent=5556"}],"wp:term":[{"taxonomy":"category","embeddable":true,"href":"https:\/\/agora.xtec.cat\/escolamestralvilanova\/wp-json\/wp\/v2\/categories?post=5556"},{"taxonomy":"post_tag","embeddable":true,"href":"https:\/\/agora.xtec.cat\/escolamestralvilanova\/wp-json\/wp\/v2\/tags?post=5556"}],"curies":[{"name":"wp","href":"https:\/\/api.w.org\/{rel}","templated":true}]}}