{"id":551,"date":"2018-05-16T17:22:02","date_gmt":"2018-05-16T15:22:02","guid":{"rendered":"http:\/\/agora.xtec.cat\/escolamestralvilanova\/?p=551"},"modified":"2018-06-10T23:44:15","modified_gmt":"2018-06-10T21:44:15","slug":"participacio-al-congres-anna-gene","status":"publish","type":"post","link":"https:\/\/agora.xtec.cat\/escolamestralvilanova\/portada\/participacio-al-congres-anna-gene\/","title":{"rendered":"PARTICIPACI\u00d3 AL V CONGR\u00c9S DE CI\u00c8NCIES ANNA GEN\u00c9"},"content":{"rendered":"<p>El passat dimecres 16 de maig, els alumnes de Cicle Superior de l&#8217;escola van participar al V Congr\u00e9s de Ci\u00e8ncies Anna Gen\u00e9 que organitza la Universitat de Lleida.<\/p>\n<p>Van presentar el treball titulat &#8220;De les c\u00e8l\u00b7lules als \u00e9ssers vius&#8221; que han estat elaborant durant tot el curs.<\/p>\n<p>S&#8217;ho van passar d&#8217;all\u00f2 m\u00e9s b\u00e9 al temps que van aprendre moltes coses!!!!<\/p>\n<p><iframe loading=\"lazy\" title=\"Fem ci\u00e8ncia a l&#039;escola. V Congr\u00e9s Anna Gen\u00e9. Escola Mestral\" width=\"500\" height=\"281\" src=\"https:\/\/www.youtube.com\/embed\/aUn6kaZd0xY?feature=oembed\" frameborder=\"0\" allow=\"accelerometer; autoplay; clipboard-write; encrypted-media; gyroscope; picture-in-picture; web-share\" referrerpolicy=\"strict-origin-when-cross-origin\" allowfullscreen><\/iframe><\/p>\n<p>Enlla\u00e7 a la web del <a href=\"https:\/\/sites.google.com\/site\/congresannagene\/\">congr\u00e9s<\/a><\/p>\n","protected":false},"excerpt":{"rendered":"<p>El passat dimecres 16 de maig, els alumnes de Cicle Superior de l&#8217;escola van participar al V Congr\u00e9s de Ci\u00e8ncies Anna Gen\u00e9 que organitza la Universitat de Lleida.<br \/>\nVan presentar el treball titulat &#8220;De les c\u00e8l\u00b7lules als \u00e9ssers vius&#8221; que han estat elaborant durant tot el&hellip;  <a href=\"https:\/\/agora.xtec.cat\/escolamestralvilanova\/portada\/participacio-al-congres-anna-gene\/\" title=\"Read PARTICIPACI\u00d3 AL V CONGR\u00c9S DE CI\u00c8NCIES ANNA GEN\u00c9\">Llegeix m\u00e9s\u00bb<\/a><\/p>\n","protected":false},"author":1,"featured_media":0,"comment_status":"open","ping_status":"closed","sticky":false,"template":"","format":"standard","meta":{"_bbp_topic_count":0,"_bbp_reply_count":0,"_bbp_total_topic_count":0,"_bbp_total_reply_count":0,"_bbp_voice_count":0,"_bbp_anonymous_reply_count":0,"_bbp_topic_count_hidden":0,"_bbp_reply_count_hidden":0,"_bbp_forum_subforum_count":0,"footnotes":""},"categories":[4],"tags":[],"class_list":["post-551","post","type-post","status-publish","format-standard","hentry","category-portada"],"post_mailing_queue_ids":[],"_links":{"self":[{"href":"https:\/\/agora.xtec.cat\/escolamestralvilanova\/wp-json\/wp\/v2\/posts\/551","targetHints":{"allow":["GET"]}}],"collection":[{"href":"https:\/\/agora.xtec.cat\/escolamestralvilanova\/wp-json\/wp\/v2\/posts"}],"about":[{"href":"https:\/\/agora.xtec.cat\/escolamestralvilanova\/wp-json\/wp\/v2\/types\/post"}],"author":[{"embeddable":true,"href":"https:\/\/agora.xtec.cat\/escolamestralvilanova\/wp-json\/wp\/v2\/users\/1"}],"replies":[{"embeddable":true,"href":"https:\/\/agora.xtec.cat\/escolamestralvilanova\/wp-json\/wp\/v2\/comments?post=551"}],"version-history":[{"count":3,"href":"https:\/\/agora.xtec.cat\/escolamestralvilanova\/wp-json\/wp\/v2\/posts\/551\/revisions"}],"predecessor-version":[{"id":566,"href":"https:\/\/agora.xtec.cat\/escolamestralvilanova\/wp-json\/wp\/v2\/posts\/551\/revisions\/566"}],"wp:attachment":[{"href":"https:\/\/agora.xtec.cat\/escolamestralvilanova\/wp-json\/wp\/v2\/media?parent=551"}],"wp:term":[{"taxonomy":"category","embeddable":true,"href":"https:\/\/agora.xtec.cat\/escolamestralvilanova\/wp-json\/wp\/v2\/categories?post=551"},{"taxonomy":"post_tag","embeddable":true,"href":"https:\/\/agora.xtec.cat\/escolamestralvilanova\/wp-json\/wp\/v2\/tags?post=551"}],"curies":[{"name":"wp","href":"https:\/\/api.w.org\/{rel}","templated":true}]}}