{"id":5488,"date":"2021-05-31T16:30:06","date_gmt":"2021-05-31T14:30:06","guid":{"rendered":"http:\/\/agora.xtec.cat\/escolamestralvilanova\/?p=5488"},"modified":"2021-06-01T20:52:03","modified_gmt":"2021-06-01T18:52:03","slug":"presentacions-el-cos-huma","status":"publish","type":"post","link":"https:\/\/agora.xtec.cat\/escolamestralvilanova\/portada\/presentacions-el-cos-huma\/","title":{"rendered":"PRESENTACIONS EL COS HUM\u00c0"},"content":{"rendered":"<p style=\"text-align: justify;\">Avui l&#8217;Aran, el Quim i la Yvonne, alumnes de sis\u00e8, hem comen\u00e7at a presentar els nostres treballs sobre &#8220;El cos hum\u00e0&#8221;.<\/p>\n<p style=\"text-align: justify;\">Amb aquesta tasca\u00a0afavorim l&#8217;aprenentatge entre iguals aix\u00ed com l&#8217;autoavaluaci\u00f3 i la coavaluaci\u00f3. Ja que un dels objectius consisteix en avaluar tant les presentacions dels companys\/es com la pr\u00f2pia.<\/p>\n<ul>\n<li><a href=\"https:\/\/photos.app.goo.gl\/VCeEP3poG8QdZH2w8\">ACC\u00c9S A LES PRESENTACIONS<\/a><\/li>\n<\/ul>\n<p><a href=\"https:\/\/photos.app.goo.gl\/wA2RKwUQqSgTjYgCA\"><img loading=\"lazy\" decoding=\"async\" class=\"alignnone size-medium wp-image-5489\" src=\"https:\/\/agora.xtec.cat\/escolamestralvilanova\/wp-content\/uploads\/usu729\/2021\/05\/Captura-de-Pantalla-2021-05-31-a-les-21.29.50-300x165.png\" alt=\"\" width=\"300\" height=\"165\" srcset=\"https:\/\/agora.xtec.cat\/escolamestralvilanova\/wp-content\/uploads\/usu729\/2021\/05\/Captura-de-Pantalla-2021-05-31-a-les-21.29.50-300x165.png 300w, https:\/\/agora.xtec.cat\/escolamestralvilanova\/wp-content\/uploads\/usu729\/2021\/05\/Captura-de-Pantalla-2021-05-31-a-les-21.29.50-768x423.png 768w, https:\/\/agora.xtec.cat\/escolamestralvilanova\/wp-content\/uploads\/usu729\/2021\/05\/Captura-de-Pantalla-2021-05-31-a-les-21.29.50.png 1000w\" sizes=\"auto, (max-width: 300px) 100vw, 300px\" \/><\/a><\/p>\n<p><a href=\"https:\/\/photos.app.goo.gl\/ombhyNbRVGXNeTix7\"><img loading=\"lazy\" decoding=\"async\" class=\"alignnone size-medium wp-image-5490\" src=\"https:\/\/agora.xtec.cat\/escolamestralvilanova\/wp-content\/uploads\/usu729\/2021\/05\/Captura-de-Pantalla-2021-05-31-a-les-21.34.00-300x170.png\" alt=\"\" width=\"300\" height=\"170\" srcset=\"https:\/\/agora.xtec.cat\/escolamestralvilanova\/wp-content\/uploads\/usu729\/2021\/05\/Captura-de-Pantalla-2021-05-31-a-les-21.34.00-300x170.png 300w, https:\/\/agora.xtec.cat\/escolamestralvilanova\/wp-content\/uploads\/usu729\/2021\/05\/Captura-de-Pantalla-2021-05-31-a-les-21.34.00-768x435.png 768w, https:\/\/agora.xtec.cat\/escolamestralvilanova\/wp-content\/uploads\/usu729\/2021\/05\/Captura-de-Pantalla-2021-05-31-a-les-21.34.00-1024x580.png 1024w, https:\/\/agora.xtec.cat\/escolamestralvilanova\/wp-content\/uploads\/usu729\/2021\/05\/Captura-de-Pantalla-2021-05-31-a-les-21.34.00.png 1274w\" sizes=\"auto, (max-width: 300px) 100vw, 300px\" \/><\/a><\/p>\n<p><a href=\"https:\/\/photos.app.goo.gl\/k5LZR7f3LA9YU2WR7\"><img loading=\"lazy\" decoding=\"async\" class=\"alignnone wp-image-5522 size-medium\" src=\"https:\/\/agora.xtec.cat\/escolamestralvilanova\/wp-content\/uploads\/usu729\/2021\/05\/Captura-de-Pantalla-2021-06-01-a-les-19.27.21-300x166.png\" alt=\"\" width=\"300\" height=\"166\" srcset=\"https:\/\/agora.xtec.cat\/escolamestralvilanova\/wp-content\/uploads\/usu729\/2021\/05\/Captura-de-Pantalla-2021-06-01-a-les-19.27.21-300x166.png 300w, https:\/\/agora.xtec.cat\/escolamestralvilanova\/wp-content\/uploads\/usu729\/2021\/05\/Captura-de-Pantalla-2021-06-01-a-les-19.27.21-768x425.png 768w, https:\/\/agora.xtec.cat\/escolamestralvilanova\/wp-content\/uploads\/usu729\/2021\/05\/Captura-de-Pantalla-2021-06-01-a-les-19.27.21.png 1000w\" sizes=\"auto, (max-width: 300px) 100vw, 300px\" \/><\/a><\/p>\n<p>&nbsp;<\/p>\n","protected":false},"excerpt":{"rendered":"<p>Avui l&#8217;Aran, el Quim i la Yvonne, alumnes de sis\u00e8, hem comen\u00e7at a presentar els nostres treballs sobre &#8220;El cos hum\u00e0&#8221;.<br \/>\nAmb aquesta tasca\u00a0afavorim l&#8217;aprenentatge entre iguals aix\u00ed com l&#8217;autoavaluaci\u00f3 i la coavaluaci\u00f3. Ja que un dels objectius consisteix en avaluar tant les presentacions dels companys\/es&hellip;  <a href=\"https:\/\/agora.xtec.cat\/escolamestralvilanova\/portada\/presentacions-el-cos-huma\/\" title=\"Read PRESENTACIONS EL COS HUM\u00c0\">Llegeix m\u00e9s\u00bb<\/a><\/p>\n","protected":false},"author":1,"featured_media":0,"comment_status":"open","ping_status":"closed","sticky":false,"template":"","format":"standard","meta":{"_bbp_topic_count":0,"_bbp_reply_count":0,"_bbp_total_topic_count":0,"_bbp_total_reply_count":0,"_bbp_voice_count":0,"_bbp_anonymous_reply_count":0,"_bbp_topic_count_hidden":0,"_bbp_reply_count_hidden":0,"_bbp_forum_subforum_count":0,"footnotes":""},"categories":[15,4,5],"tags":[],"class_list":["post-5488","post","type-post","status-publish","format-standard","hentry","category-cicle-superior","category-portada","category-primaria"],"post_mailing_queue_ids":[],"_links":{"self":[{"href":"https:\/\/agora.xtec.cat\/escolamestralvilanova\/wp-json\/wp\/v2\/posts\/5488","targetHints":{"allow":["GET"]}}],"collection":[{"href":"https:\/\/agora.xtec.cat\/escolamestralvilanova\/wp-json\/wp\/v2\/posts"}],"about":[{"href":"https:\/\/agora.xtec.cat\/escolamestralvilanova\/wp-json\/wp\/v2\/types\/post"}],"author":[{"embeddable":true,"href":"https:\/\/agora.xtec.cat\/escolamestralvilanova\/wp-json\/wp\/v2\/users\/1"}],"replies":[{"embeddable":true,"href":"https:\/\/agora.xtec.cat\/escolamestralvilanova\/wp-json\/wp\/v2\/comments?post=5488"}],"version-history":[{"count":3,"href":"https:\/\/agora.xtec.cat\/escolamestralvilanova\/wp-json\/wp\/v2\/posts\/5488\/revisions"}],"predecessor-version":[{"id":5523,"href":"https:\/\/agora.xtec.cat\/escolamestralvilanova\/wp-json\/wp\/v2\/posts\/5488\/revisions\/5523"}],"wp:attachment":[{"href":"https:\/\/agora.xtec.cat\/escolamestralvilanova\/wp-json\/wp\/v2\/media?parent=5488"}],"wp:term":[{"taxonomy":"category","embeddable":true,"href":"https:\/\/agora.xtec.cat\/escolamestralvilanova\/wp-json\/wp\/v2\/categories?post=5488"},{"taxonomy":"post_tag","embeddable":true,"href":"https:\/\/agora.xtec.cat\/escolamestralvilanova\/wp-json\/wp\/v2\/tags?post=5488"}],"curies":[{"name":"wp","href":"https:\/\/api.w.org\/{rel}","templated":true}]}}