{"id":5464,"date":"2021-05-31T08:10:10","date_gmt":"2021-05-31T06:10:10","guid":{"rendered":"http:\/\/agora.xtec.cat\/escolamestralvilanova\/?p=5464"},"modified":"2021-05-31T10:14:25","modified_gmt":"2021-05-31T08:14:25","slug":"dibuixem-a-la-placa","status":"publish","type":"post","link":"https:\/\/agora.xtec.cat\/escolamestralvilanova\/general\/dibuixem-a-la-placa\/","title":{"rendered":"DIBUIXEM A LA PLA\u00c7A"},"content":{"rendered":"<p>El passat divendres els alumnes de sis\u00e8 vam dur a terme una sessi\u00f3 de pl\u00e0stica diferent.<\/p>\n<p>Vam anar a la pla\u00e7a del poble!<\/p>\n<p>Aix\u00ed vam poder dibuixar a m\u00e0 al\u00e7ada la pla\u00e7a de l&#8217;Ajuntament i el seu voltant.<\/p>\n<ul>\n<li><a href=\"https:\/\/photos.google.com\/u\/7\/share\/AF1QipOPxFDjXaysK0NKZg3Jh7UVRMhSxI13P81AqUuu6hzS81zy0jhEvdlEy-KSt-ugKA?key=Z0J5Nm5LVzVlUU5UNHlYQUc1R01EanpMSXJmVmpB\">ENLLA\u00c7 A LES FOTOGRAFIES<\/a><\/li>\n<\/ul>\n<p><a href=\"https:\/\/photos.google.com\/share\/AF1QipOPxFDjXaysK0NKZg3Jh7UVRMhSxI13P81AqUuu6hzS81zy0jhEvdlEy-KSt-ugKA?key=Z0J5Nm5LVzVlUU5UNHlYQUc1R01EanpMSXJmVmpB\"><img loading=\"lazy\" decoding=\"async\" class=\"alignnone size-medium wp-image-5480\" src=\"https:\/\/agora.xtec.cat\/escolamestralvilanova\/wp-content\/uploads\/usu729\/2021\/05\/IMG_0030-300x225.jpg\" alt=\"\" width=\"300\" height=\"225\" srcset=\"https:\/\/agora.xtec.cat\/escolamestralvilanova\/wp-content\/uploads\/usu729\/2021\/05\/IMG_0030-300x225.jpg 300w, https:\/\/agora.xtec.cat\/escolamestralvilanova\/wp-content\/uploads\/usu729\/2021\/05\/IMG_0030-200x150.jpg 200w, https:\/\/agora.xtec.cat\/escolamestralvilanova\/wp-content\/uploads\/usu729\/2021\/05\/IMG_0030.jpg 640w\" sizes=\"auto, (max-width: 300px) 100vw, 300px\" \/><\/a><\/p>\n","protected":false},"excerpt":{"rendered":"<p>El passat divendres els alumnes de sis\u00e8 vam dur a terme una sessi\u00f3 de pl\u00e0stica diferent.<br \/>\nVam anar a la pla\u00e7a del poble!<br \/>\nAix\u00ed vam poder dibuixar a m\u00e0 al\u00e7ada la pla\u00e7a de l&#8217;Ajuntament i el seu voltant.<\/p>\n<ul>\n<li><a href=\"https:\/\/photos.google.com\/u\/7\/share\/AF1QipOPxFDjXaysK0NKZg3Jh7UVRMhSxI13P81AqUuu6hzS81zy0jhEvdlEy-KSt-ugKA?key=Z0J5Nm5LVzVlUU5UNHlYQUc1R01EanpMSXJmVmpB\">ENLLA\u00c7 A LES FOTOGRAFIES<\/a><\/li>\n<\/ul>\n<p><a href=\"https:\/\/photos.google.com\/share\/AF1QipOPxFDjXaysK0NKZg3Jh7UVRMhSxI13P81AqUuu6hzS81zy0jhEvdlEy-KSt-ugKA?key=Z0J5Nm5LVzVlUU5UNHlYQUc1R01EanpMSXJmVmpB\"><\/a><\/p>\n","protected":false},"author":1,"featured_media":0,"comment_status":"open","ping_status":"closed","sticky":false,"template":"","format":"standard","meta":{"_bbp_topic_count":0,"_bbp_reply_count":0,"_bbp_total_topic_count":0,"_bbp_total_reply_count":0,"_bbp_voice_count":0,"_bbp_anonymous_reply_count":0,"_bbp_topic_count_hidden":0,"_bbp_reply_count_hidden":0,"_bbp_forum_subforum_count":0,"footnotes":""},"categories":[15,1,4,5],"tags":[],"class_list":["post-5464","post","type-post","status-publish","format-standard","hentry","category-cicle-superior","category-general","category-portada","category-primaria"],"post_mailing_queue_ids":[],"_links":{"self":[{"href":"https:\/\/agora.xtec.cat\/escolamestralvilanova\/wp-json\/wp\/v2\/posts\/5464","targetHints":{"allow":["GET"]}}],"collection":[{"href":"https:\/\/agora.xtec.cat\/escolamestralvilanova\/wp-json\/wp\/v2\/posts"}],"about":[{"href":"https:\/\/agora.xtec.cat\/escolamestralvilanova\/wp-json\/wp\/v2\/types\/post"}],"author":[{"embeddable":true,"href":"https:\/\/agora.xtec.cat\/escolamestralvilanova\/wp-json\/wp\/v2\/users\/1"}],"replies":[{"embeddable":true,"href":"https:\/\/agora.xtec.cat\/escolamestralvilanova\/wp-json\/wp\/v2\/comments?post=5464"}],"version-history":[{"count":3,"href":"https:\/\/agora.xtec.cat\/escolamestralvilanova\/wp-json\/wp\/v2\/posts\/5464\/revisions"}],"predecessor-version":[{"id":5482,"href":"https:\/\/agora.xtec.cat\/escolamestralvilanova\/wp-json\/wp\/v2\/posts\/5464\/revisions\/5482"}],"wp:attachment":[{"href":"https:\/\/agora.xtec.cat\/escolamestralvilanova\/wp-json\/wp\/v2\/media?parent=5464"}],"wp:term":[{"taxonomy":"category","embeddable":true,"href":"https:\/\/agora.xtec.cat\/escolamestralvilanova\/wp-json\/wp\/v2\/categories?post=5464"},{"taxonomy":"post_tag","embeddable":true,"href":"https:\/\/agora.xtec.cat\/escolamestralvilanova\/wp-json\/wp\/v2\/tags?post=5464"}],"curies":[{"name":"wp","href":"https:\/\/api.w.org\/{rel}","templated":true}]}}