{"id":5446,"date":"2021-05-28T16:22:25","date_gmt":"2021-05-28T14:22:25","guid":{"rendered":"http:\/\/agora.xtec.cat\/escolamestralvilanova\/?p=5446"},"modified":"2021-06-01T20:27:41","modified_gmt":"2021-06-01T18:27:41","slug":"english-week-a-lescola","status":"publish","type":"post","link":"https:\/\/agora.xtec.cat\/escolamestralvilanova\/general\/english-week-a-lescola\/","title":{"rendered":"ENGLISH WEEK A L&#8217;ESCOLA!"},"content":{"rendered":"<p class=\"gmail_default\" style=\"text-align: justify;\"><img loading=\"lazy\" decoding=\"async\" class=\"size-medium wp-image-5450 alignright\" src=\"https:\/\/agora.xtec.cat\/escolamestralvilanova\/wp-content\/uploads\/usu729\/2021\/05\/Captura-de-Pantalla-2021-05-27-a-les-18.54.04-300x169.png\" alt=\"\" width=\"300\" height=\"169\" srcset=\"https:\/\/agora.xtec.cat\/escolamestralvilanova\/wp-content\/uploads\/usu729\/2021\/05\/Captura-de-Pantalla-2021-05-27-a-les-18.54.04-300x169.png 300w, https:\/\/agora.xtec.cat\/escolamestralvilanova\/wp-content\/uploads\/usu729\/2021\/05\/Captura-de-Pantalla-2021-05-27-a-les-18.54.04-768x433.png 768w, https:\/\/agora.xtec.cat\/escolamestralvilanova\/wp-content\/uploads\/usu729\/2021\/05\/Captura-de-Pantalla-2021-05-27-a-les-18.54.04-1024x578.png 1024w, https:\/\/agora.xtec.cat\/escolamestralvilanova\/wp-content\/uploads\/usu729\/2021\/05\/Captura-de-Pantalla-2021-05-27-a-les-18.54.04.png 1088w\" sizes=\"auto, (max-width: 300px) 100vw, 300px\" \/>La propera setmana, <b>del dilluns 31 de maig al divendres 4 de juny<\/b>,<b>\u00a0<\/b>celebrarem a l&#8217;escola la <b>&#8220;English\u00a0Week&#8221;. <\/b>Aquest any girar\u00e0 entorn diverses activitats l\u00fadiques i art\u00edstiques plantejades des de l&#8217;\u00e0rea de lleng\u00fces estrangeres.<\/p>\n<p class=\"gmail_default\" style=\"text-align: justify;\">D&#8217;aquesta manera, est\u00e0 previst que durant aquesta setmana es duguin a terme diferents activitats, entre les quals el visionat d&#8217;una obra de teatre en angl\u00e8s que han gravat els alumnes de quart de l&#8217;escola anomenada <b>&#8221; A story from\u00a0Gondoland&#8221;.<\/b><\/p>\n<p class=\"gmail_default\">Us compartim la planificaci\u00f3 tem\u00e0tica de la setmana:<\/p>\n<div class=\"gmail_default\"><\/div>\n<div class=\"gmail_default\">\n<div dir=\"ltr\" align=\"left\">\n<table style=\"height: 337px;\">\n<colgroup>\n<col width=\"187\" \/>\n<col width=\"25\" \/>\n<col width=\"304\" \/>\n<col width=\"29\" \/>\n<col width=\"371\" \/>\n<col width=\"33\" \/><\/colgroup>\n<tbody>\n<tr style=\"height: 67px;\">\n<td style=\"text-align: center; height: 67px; width: 192px;\" colspan=\"2\">\n<h6 dir=\"ltr\"><strong><span style=\"font-family: arial, sans-serif;\">MONDAY<\/span><\/strong><\/h6>\n<p dir=\"ltr\"><span style=\"font-family: arial, sans-serif;\">Let&#8217;s do experiments!<\/span><\/p>\n<\/td>\n<\/tr>\n<tr style=\"height: 18px;\">\n<td style=\"text-align: center; height: 18px; width: 192px;\" colspan=\"2\">\n<h6 dir=\"ltr\"><strong><span style=\"font-family: arial, sans-serif;\">TUESDAY<\/span><\/strong><\/h6>\n<p dir=\"ltr\"><span style=\"font-family: arial, sans-serif;\">Music &amp; culture<\/span><\/p>\n<\/td>\n<\/tr>\n<tr style=\"height: 84px;\">\n<td style=\"text-align: center; height: 84px; width: 192px;\" colspan=\"2\">\n<h6 dir=\"ltr\"><strong><span style=\"font-family: arial, sans-serif;\">WEDNESDAY<\/span><\/strong><\/h6>\n<p dir=\"ltr\"><span style=\"font-family: arial, sans-serif;\">The water cycle dance<\/span><\/p>\n<\/td>\n<\/tr>\n<tr style=\"height: 84px;\">\n<td style=\"text-align: center; height: 84px; width: 192px;\" colspan=\"2\">\n<h6 dir=\"ltr\"><strong><span style=\"font-family: arial, sans-serif;\">THURSDAY<\/span><\/strong><\/h6>\n<p dir=\"ltr\"><span style=\"font-family: arial, sans-serif;\">Amazing animals<\/span><\/p>\n<\/td>\n<\/tr>\n<tr style=\"height: 84px;\">\n<td style=\"text-align: center; height: 84px; width: 192px;\" colspan=\"2\">\n<h6 dir=\"ltr\"><strong><span style=\"font-family: arial, sans-serif;\">FRIDAY<\/span><\/strong><\/h6>\n<p dir=\"ltr\"><span style=\"font-family: arial, sans-serif;\">Cinema time!<\/span><\/p>\n<\/td>\n<\/tr>\n<\/tbody>\n<\/table>\n<\/div>\n<\/div>\n<p class=\"gmail_default\" style=\"text-align: justify;\">Les can\u00e7ons d&#8217;entrada l&#8217;escola tamb\u00e9 han estat seleccionades\u00a0per les mestres d&#8217;angl\u00e8s. Aix\u00ed cada dia a l&#8217;entrada els infants podran gaudir d&#8217;una can\u00e7\u00f3 en angl\u00e8s.<\/p>\n<p class=\"gmail_default\" style=\"text-align: justify;\">L&#8217;English\u00a0Week\u00a0\u00e9s una bona oportunitat per endinsar-nos en la cultura anglesa tot treballant de forma interdisciplinar diverses activitats i emprant com a llengua vehicular l&#8217;angl\u00e8s.<\/p>\n","protected":false},"excerpt":{"rendered":"<p>La propera setmana, del dilluns 31 de maig al divendres 4 de juny,\u00a0celebrarem a l&#8217;escola la &#8220;English\u00a0Week&#8221;. Aquest any girar\u00e0 entorn diverses activitats l\u00fadiques i art\u00edstiques plantejades des de l&#8217;\u00e0rea de lleng\u00fces estrangeres.<br \/>\nD&#8217;aquesta manera, est\u00e0 previst que durant aquesta setmana es duguin a terme diferents&hellip;  <a href=\"https:\/\/agora.xtec.cat\/escolamestralvilanova\/general\/english-week-a-lescola\/\" title=\"Read ENGLISH WEEK A L&#8217;ESCOLA!\">Llegeix m\u00e9s\u00bb<\/a><\/p>\n","protected":false},"author":6,"featured_media":0,"comment_status":"open","ping_status":"closed","sticky":false,"template":"","format":"standard","meta":{"_bbp_topic_count":0,"_bbp_reply_count":0,"_bbp_total_topic_count":0,"_bbp_total_reply_count":0,"_bbp_voice_count":0,"_bbp_anonymous_reply_count":0,"_bbp_topic_count_hidden":0,"_bbp_reply_count_hidden":0,"_bbp_forum_subforum_count":0,"footnotes":""},"categories":[55,1,4],"tags":[],"class_list":["post-5446","post","type-post","status-publish","format-standard","hentry","category-aicle","category-general","category-portada"],"post_mailing_queue_ids":[],"_links":{"self":[{"href":"https:\/\/agora.xtec.cat\/escolamestralvilanova\/wp-json\/wp\/v2\/posts\/5446","targetHints":{"allow":["GET"]}}],"collection":[{"href":"https:\/\/agora.xtec.cat\/escolamestralvilanova\/wp-json\/wp\/v2\/posts"}],"about":[{"href":"https:\/\/agora.xtec.cat\/escolamestralvilanova\/wp-json\/wp\/v2\/types\/post"}],"author":[{"embeddable":true,"href":"https:\/\/agora.xtec.cat\/escolamestralvilanova\/wp-json\/wp\/v2\/users\/6"}],"replies":[{"embeddable":true,"href":"https:\/\/agora.xtec.cat\/escolamestralvilanova\/wp-json\/wp\/v2\/comments?post=5446"}],"version-history":[{"count":3,"href":"https:\/\/agora.xtec.cat\/escolamestralvilanova\/wp-json\/wp\/v2\/posts\/5446\/revisions"}],"predecessor-version":[{"id":5504,"href":"https:\/\/agora.xtec.cat\/escolamestralvilanova\/wp-json\/wp\/v2\/posts\/5446\/revisions\/5504"}],"wp:attachment":[{"href":"https:\/\/agora.xtec.cat\/escolamestralvilanova\/wp-json\/wp\/v2\/media?parent=5446"}],"wp:term":[{"taxonomy":"category","embeddable":true,"href":"https:\/\/agora.xtec.cat\/escolamestralvilanova\/wp-json\/wp\/v2\/categories?post=5446"},{"taxonomy":"post_tag","embeddable":true,"href":"https:\/\/agora.xtec.cat\/escolamestralvilanova\/wp-json\/wp\/v2\/tags?post=5446"}],"curies":[{"name":"wp","href":"https:\/\/api.w.org\/{rel}","templated":true}]}}