{"id":5437,"date":"2021-05-25T13:56:44","date_gmt":"2021-05-25T11:56:44","guid":{"rendered":"http:\/\/agora.xtec.cat\/escolamestralvilanova\/?p=5437"},"modified":"2021-05-27T19:10:45","modified_gmt":"2021-05-27T17:10:45","slug":"el-folleto-informativo","status":"publish","type":"post","link":"https:\/\/agora.xtec.cat\/escolamestralvilanova\/portada\/el-folleto-informativo\/","title":{"rendered":"EL FOLLETO INFORMATIVO"},"content":{"rendered":"<p style=\"text-align: justify;\">Durant aquestes setmanes els alumnes de cinqu\u00e8 hem treballat a l&#8217;\u00e0rea de llengua castellana la tipologia textual del &#8220;folleto informativo&#8221;. Entre altres activitats de recerca, hem creat el nostre logo, <i>slogan i <\/i>nom de l&#8217;empresa<i>. <\/i>A m\u00e9s a m\u00e9s, ho hem explicat als nostres companys per tal de treballar l&#8217;expressi\u00f3 oral en llengua castellana. Aqu\u00ed teniu una petita mostra de les nostres exposicions.<\/p>\n<p><a href=\"https:\/\/agora.xtec.cat\/escolamestralvilanova\/wp-content\/uploads\/usu729\/2021\/05\/Screenshot_2021-05-25-EL-FOLLETO-INFORMATIVO-EL-FOLLETO-INFORMATIVO-pdf.png\"><img loading=\"lazy\" decoding=\"async\" class=\"alignnone size-large wp-image-5438\" src=\"https:\/\/agora.xtec.cat\/escolamestralvilanova\/wp-content\/uploads\/usu729\/2021\/05\/Screenshot_2021-05-25-EL-FOLLETO-INFORMATIVO-EL-FOLLETO-INFORMATIVO-pdf-1024x817.png\" alt=\"\" width=\"1024\" height=\"817\" srcset=\"https:\/\/agora.xtec.cat\/escolamestralvilanova\/wp-content\/uploads\/usu729\/2021\/05\/Screenshot_2021-05-25-EL-FOLLETO-INFORMATIVO-EL-FOLLETO-INFORMATIVO-pdf-1024x817.png 1024w, https:\/\/agora.xtec.cat\/escolamestralvilanova\/wp-content\/uploads\/usu729\/2021\/05\/Screenshot_2021-05-25-EL-FOLLETO-INFORMATIVO-EL-FOLLETO-INFORMATIVO-pdf-300x239.png 300w, https:\/\/agora.xtec.cat\/escolamestralvilanova\/wp-content\/uploads\/usu729\/2021\/05\/Screenshot_2021-05-25-EL-FOLLETO-INFORMATIVO-EL-FOLLETO-INFORMATIVO-pdf-768x613.png 768w, https:\/\/agora.xtec.cat\/escolamestralvilanova\/wp-content\/uploads\/usu729\/2021\/05\/Screenshot_2021-05-25-EL-FOLLETO-INFORMATIVO-EL-FOLLETO-INFORMATIVO-pdf.png 1160w\" sizes=\"auto, (max-width: 1024px) 100vw, 1024px\" \/><\/a><\/p>\n","protected":false},"excerpt":{"rendered":"<p>Durant aquestes setmanes els alumnes de cinqu\u00e8 hem treballat a l&#8217;\u00e0rea de llengua castellana la tipologia textual del &#8220;folleto informativo&#8221;. Entre altres activitats de recerca, hem creat el nostre logo, slogan i nom de l&#8217;empresa. A m\u00e9s a m\u00e9s, ho hem explicat als nostres companys&hellip;  <a href=\"https:\/\/agora.xtec.cat\/escolamestralvilanova\/portada\/el-folleto-informativo\/\" title=\"Read EL FOLLETO INFORMATIVO\">Llegeix m\u00e9s\u00bb<\/a><\/p>\n","protected":false},"author":6,"featured_media":0,"comment_status":"open","ping_status":"closed","sticky":false,"template":"","format":"standard","meta":{"_bbp_topic_count":0,"_bbp_reply_count":0,"_bbp_total_topic_count":0,"_bbp_total_reply_count":0,"_bbp_voice_count":0,"_bbp_anonymous_reply_count":0,"_bbp_topic_count_hidden":0,"_bbp_reply_count_hidden":0,"_bbp_forum_subforum_count":0,"footnotes":""},"categories":[13,4,5],"tags":[],"class_list":["post-5437","post","type-post","status-publish","format-standard","hentry","category-cinque","category-portada","category-primaria"],"post_mailing_queue_ids":[],"_links":{"self":[{"href":"https:\/\/agora.xtec.cat\/escolamestralvilanova\/wp-json\/wp\/v2\/posts\/5437","targetHints":{"allow":["GET"]}}],"collection":[{"href":"https:\/\/agora.xtec.cat\/escolamestralvilanova\/wp-json\/wp\/v2\/posts"}],"about":[{"href":"https:\/\/agora.xtec.cat\/escolamestralvilanova\/wp-json\/wp\/v2\/types\/post"}],"author":[{"embeddable":true,"href":"https:\/\/agora.xtec.cat\/escolamestralvilanova\/wp-json\/wp\/v2\/users\/6"}],"replies":[{"embeddable":true,"href":"https:\/\/agora.xtec.cat\/escolamestralvilanova\/wp-json\/wp\/v2\/comments?post=5437"}],"version-history":[{"count":2,"href":"https:\/\/agora.xtec.cat\/escolamestralvilanova\/wp-json\/wp\/v2\/posts\/5437\/revisions"}],"predecessor-version":[{"id":5456,"href":"https:\/\/agora.xtec.cat\/escolamestralvilanova\/wp-json\/wp\/v2\/posts\/5437\/revisions\/5456"}],"wp:attachment":[{"href":"https:\/\/agora.xtec.cat\/escolamestralvilanova\/wp-json\/wp\/v2\/media?parent=5437"}],"wp:term":[{"taxonomy":"category","embeddable":true,"href":"https:\/\/agora.xtec.cat\/escolamestralvilanova\/wp-json\/wp\/v2\/categories?post=5437"},{"taxonomy":"post_tag","embeddable":true,"href":"https:\/\/agora.xtec.cat\/escolamestralvilanova\/wp-json\/wp\/v2\/tags?post=5437"}],"curies":[{"name":"wp","href":"https:\/\/api.w.org\/{rel}","templated":true}]}}