{"id":5381,"date":"2021-05-19T16:57:08","date_gmt":"2021-05-19T14:57:08","guid":{"rendered":"http:\/\/agora.xtec.cat\/escolamestralvilanova\/?p=5381"},"modified":"2021-05-19T22:06:51","modified_gmt":"2021-05-19T20:06:51","slug":"radio-mestral-programa-3","status":"publish","type":"post","link":"https:\/\/agora.xtec.cat\/escolamestralvilanova\/general\/radio-mestral-programa-3\/","title":{"rendered":"R\u00c0DIO MESTRAL, PROGRAMA 3"},"content":{"rendered":"<p style=\"text-align: justify;\">Avui presentem el PROGRAMA 3 de la R\u00e0dio Mestral.<\/p>\n<p style=\"text-align: justify;\">En el programa d\u2019avui els locutors s\u00f3n la Yvonne, el Sebasti\u00e1n i l&#8217;\u00c8ric tots tres alumnes de sis\u00e8.<\/p>\n<p style=\"text-align: justify;\">Esperem que us agradi!<\/p>\n<p><a href=\"https:\/\/drive.google.com\/file\/d\/1TDYpYD6IZbGDAaScTa7JNss1WE79nsHf\/view?usp=sharing\"><img loading=\"lazy\" decoding=\"async\" class=\"alignnone size-medium wp-image-5416\" src=\"https:\/\/agora.xtec.cat\/escolamestralvilanova\/wp-content\/uploads\/usu729\/2021\/05\/PROGRAMA-3-3-300x179.png\" alt=\"\" width=\"300\" height=\"179\" srcset=\"https:\/\/agora.xtec.cat\/escolamestralvilanova\/wp-content\/uploads\/usu729\/2021\/05\/PROGRAMA-3-3-300x179.png 300w, https:\/\/agora.xtec.cat\/escolamestralvilanova\/wp-content\/uploads\/usu729\/2021\/05\/PROGRAMA-3-3-768x458.png 768w, https:\/\/agora.xtec.cat\/escolamestralvilanova\/wp-content\/uploads\/usu729\/2021\/05\/PROGRAMA-3-3.png 1000w\" sizes=\"auto, (max-width: 300px) 100vw, 300px\" \/><\/a><\/p>\n","protected":false},"excerpt":{"rendered":"<p>Avui presentem el PROGRAMA 3 de la R\u00e0dio Mestral.<br \/>\nEn el programa d\u2019avui els locutors s\u00f3n la Yvonne, el Sebasti\u00e1n i l&#8217;\u00c8ric tots tres alumnes de sis\u00e8.<br \/>\nEsperem que us agradi!<br \/>\n<a href=\"https:\/\/drive.google.com\/file\/d\/1TDYpYD6IZbGDAaScTa7JNss1WE79nsHf\/view?usp=sharing\"><\/a><\/p>\n","protected":false},"author":1,"featured_media":0,"comment_status":"open","ping_status":"closed","sticky":false,"template":"","format":"standard","meta":{"_bbp_topic_count":0,"_bbp_reply_count":0,"_bbp_total_topic_count":0,"_bbp_total_reply_count":0,"_bbp_voice_count":0,"_bbp_anonymous_reply_count":0,"_bbp_topic_count_hidden":0,"_bbp_reply_count_hidden":0,"_bbp_forum_subforum_count":0,"footnotes":""},"categories":[15,1,4,5,60],"tags":[],"class_list":["post-5381","post","type-post","status-publish","format-standard","hentry","category-cicle-superior","category-general","category-portada","category-primaria","category-radio-mestral"],"post_mailing_queue_ids":[],"_links":{"self":[{"href":"https:\/\/agora.xtec.cat\/escolamestralvilanova\/wp-json\/wp\/v2\/posts\/5381","targetHints":{"allow":["GET"]}}],"collection":[{"href":"https:\/\/agora.xtec.cat\/escolamestralvilanova\/wp-json\/wp\/v2\/posts"}],"about":[{"href":"https:\/\/agora.xtec.cat\/escolamestralvilanova\/wp-json\/wp\/v2\/types\/post"}],"author":[{"embeddable":true,"href":"https:\/\/agora.xtec.cat\/escolamestralvilanova\/wp-json\/wp\/v2\/users\/1"}],"replies":[{"embeddable":true,"href":"https:\/\/agora.xtec.cat\/escolamestralvilanova\/wp-json\/wp\/v2\/comments?post=5381"}],"version-history":[{"count":3,"href":"https:\/\/agora.xtec.cat\/escolamestralvilanova\/wp-json\/wp\/v2\/posts\/5381\/revisions"}],"predecessor-version":[{"id":5417,"href":"https:\/\/agora.xtec.cat\/escolamestralvilanova\/wp-json\/wp\/v2\/posts\/5381\/revisions\/5417"}],"wp:attachment":[{"href":"https:\/\/agora.xtec.cat\/escolamestralvilanova\/wp-json\/wp\/v2\/media?parent=5381"}],"wp:term":[{"taxonomy":"category","embeddable":true,"href":"https:\/\/agora.xtec.cat\/escolamestralvilanova\/wp-json\/wp\/v2\/categories?post=5381"},{"taxonomy":"post_tag","embeddable":true,"href":"https:\/\/agora.xtec.cat\/escolamestralvilanova\/wp-json\/wp\/v2\/tags?post=5381"}],"curies":[{"name":"wp","href":"https:\/\/api.w.org\/{rel}","templated":true}]}}