{"id":5370,"date":"2021-05-18T18:36:31","date_gmt":"2021-05-18T16:36:31","guid":{"rendered":"http:\/\/agora.xtec.cat\/escolamestralvilanova\/?p=5370"},"modified":"2021-05-18T18:36:45","modified_gmt":"2021-05-18T16:36:45","slug":"inventem-numeros","status":"publish","type":"post","link":"https:\/\/agora.xtec.cat\/escolamestralvilanova\/portada\/inventem-numeros\/","title":{"rendered":"INVENTEM N\u00daMEROS"},"content":{"rendered":"<p>Els nens i nenes de quart hem treballat a l&#8217;\u00e0rea de castell\u00e0, l&#8217;autor Gianni Rodari: \u201cCuentos por tel\u00e9fono\u201d.<\/p>\n<p>Ens hem inventat contes curtets per explicar en pocs minuts: \u201cEl pa\u00eds con el \u201cdes\u201d delante i \u201cVamos a inventar n\u00fameros\u201d.<\/p>\n<p>Aqu\u00ed teniu una mostra dels \u00faltims contes\u00a0 realitzats a classe.<\/p>\n<p><a href=\"https:\/\/drive.google.com\/file\/d\/1mxnLRQPTiuuBjHNLYlqV10ou4BggzT0-\/view?usp=sharing\"><img loading=\"lazy\" decoding=\"async\" class=\"alignnone size-medium wp-image-5371\" src=\"https:\/\/agora.xtec.cat\/escolamestralvilanova\/wp-content\/uploads\/usu729\/2021\/05\/Captura-de-Pantalla-2021-05-18-a-les-18.30.12-300x168.png\" alt=\"\" width=\"300\" height=\"168\" srcset=\"https:\/\/agora.xtec.cat\/escolamestralvilanova\/wp-content\/uploads\/usu729\/2021\/05\/Captura-de-Pantalla-2021-05-18-a-les-18.30.12-300x168.png 300w, https:\/\/agora.xtec.cat\/escolamestralvilanova\/wp-content\/uploads\/usu729\/2021\/05\/Captura-de-Pantalla-2021-05-18-a-les-18.30.12-768x430.png 768w, https:\/\/agora.xtec.cat\/escolamestralvilanova\/wp-content\/uploads\/usu729\/2021\/05\/Captura-de-Pantalla-2021-05-18-a-les-18.30.12-1024x573.png 1024w, https:\/\/agora.xtec.cat\/escolamestralvilanova\/wp-content\/uploads\/usu729\/2021\/05\/Captura-de-Pantalla-2021-05-18-a-les-18.30.12.png 1884w\" sizes=\"auto, (max-width: 300px) 100vw, 300px\" \/> <\/a><\/p>\n<p><a href=\"https:\/\/drive.google.com\/file\/d\/1Wxq4RIqqePu9v_a1pUOo2YSSkj7Xx-Gs\/view?usp=sharing\"><img loading=\"lazy\" decoding=\"async\" class=\"alignnone size-medium wp-image-5372\" src=\"https:\/\/agora.xtec.cat\/escolamestralvilanova\/wp-content\/uploads\/usu729\/2021\/05\/Captura-de-Pantalla-2021-05-18-a-les-18.29.42-300x168.png\" alt=\"\" width=\"300\" height=\"168\" \/><\/a><\/p>\n<p><a href=\"https:\/\/drive.google.com\/file\/d\/1-UkDkdehW7zlx7DJd04V8tNZWB0-Qrfi\/view?usp=sharing\"><img loading=\"lazy\" decoding=\"async\" class=\"alignnone size-medium wp-image-5374\" src=\"https:\/\/agora.xtec.cat\/escolamestralvilanova\/wp-content\/uploads\/usu729\/2021\/05\/Captura-de-Pantalla-2021-05-18-a-les-18.31.01-300x169.png\" alt=\"\" width=\"300\" height=\"169\" srcset=\"https:\/\/agora.xtec.cat\/escolamestralvilanova\/wp-content\/uploads\/usu729\/2021\/05\/Captura-de-Pantalla-2021-05-18-a-les-18.31.01-300x169.png 300w, https:\/\/agora.xtec.cat\/escolamestralvilanova\/wp-content\/uploads\/usu729\/2021\/05\/Captura-de-Pantalla-2021-05-18-a-les-18.31.01-768x432.png 768w, https:\/\/agora.xtec.cat\/escolamestralvilanova\/wp-content\/uploads\/usu729\/2021\/05\/Captura-de-Pantalla-2021-05-18-a-les-18.31.01.png 1000w\" sizes=\"auto, (max-width: 300px) 100vw, 300px\" \/><\/a><\/p>\n<p><a href=\"https:\/\/drive.google.com\/file\/d\/1U4ThsYAXfZitWrpceZ1RyPQsbZPki8m-\/view?usp=sharing\"> <img loading=\"lazy\" decoding=\"async\" class=\"alignnone size-medium wp-image-5375\" src=\"https:\/\/agora.xtec.cat\/escolamestralvilanova\/wp-content\/uploads\/usu729\/2021\/05\/Captura-de-Pantalla-2021-05-18-a-les-18.30.48-300x169.png\" alt=\"\" width=\"300\" height=\"169\" srcset=\"https:\/\/agora.xtec.cat\/escolamestralvilanova\/wp-content\/uploads\/usu729\/2021\/05\/Captura-de-Pantalla-2021-05-18-a-les-18.30.48-300x169.png 300w, https:\/\/agora.xtec.cat\/escolamestralvilanova\/wp-content\/uploads\/usu729\/2021\/05\/Captura-de-Pantalla-2021-05-18-a-les-18.30.48-768x432.png 768w, https:\/\/agora.xtec.cat\/escolamestralvilanova\/wp-content\/uploads\/usu729\/2021\/05\/Captura-de-Pantalla-2021-05-18-a-les-18.30.48.png 1000w\" sizes=\"auto, (max-width: 300px) 100vw, 300px\" \/><\/a><\/p>\n<p><a href=\"https:\/\/drive.google.com\/file\/d\/1dTvlrm31-2AEDjFVAdf4rHkjkO__kqgN\/view?usp=sharing\"> <img loading=\"lazy\" decoding=\"async\" class=\"alignnone size-medium wp-image-5376\" src=\"https:\/\/agora.xtec.cat\/escolamestralvilanova\/wp-content\/uploads\/usu729\/2021\/05\/Captura-de-Pantalla-2021-05-18-a-les-18.30.00-300x170.png\" alt=\"\" width=\"300\" height=\"170\" srcset=\"https:\/\/agora.xtec.cat\/escolamestralvilanova\/wp-content\/uploads\/usu729\/2021\/05\/Captura-de-Pantalla-2021-05-18-a-les-18.30.00-300x170.png 300w, https:\/\/agora.xtec.cat\/escolamestralvilanova\/wp-content\/uploads\/usu729\/2021\/05\/Captura-de-Pantalla-2021-05-18-a-les-18.30.00-768x434.png 768w, https:\/\/agora.xtec.cat\/escolamestralvilanova\/wp-content\/uploads\/usu729\/2021\/05\/Captura-de-Pantalla-2021-05-18-a-les-18.30.00.png 1000w\" sizes=\"auto, (max-width: 300px) 100vw, 300px\" \/><\/a><\/p>\n<p><a href=\"https:\/\/drive.google.com\/file\/d\/11WCh2XErhcvtlb2f20x5j3feki30ah-o\/view?usp=sharing\"> <img loading=\"lazy\" decoding=\"async\" class=\"alignnone size-medium wp-image-5377\" src=\"https:\/\/agora.xtec.cat\/escolamestralvilanova\/wp-content\/uploads\/usu729\/2021\/05\/Captura-de-Pantalla-2021-05-18-a-les-18.29.30-300x168.png\" alt=\"\" width=\"300\" height=\"168\" srcset=\"https:\/\/agora.xtec.cat\/escolamestralvilanova\/wp-content\/uploads\/usu729\/2021\/05\/Captura-de-Pantalla-2021-05-18-a-les-18.29.30-300x168.png 300w, https:\/\/agora.xtec.cat\/escolamestralvilanova\/wp-content\/uploads\/usu729\/2021\/05\/Captura-de-Pantalla-2021-05-18-a-les-18.29.30-768x431.png 768w, https:\/\/agora.xtec.cat\/escolamestralvilanova\/wp-content\/uploads\/usu729\/2021\/05\/Captura-de-Pantalla-2021-05-18-a-les-18.29.30.png 1000w\" sizes=\"auto, (max-width: 300px) 100vw, 300px\" \/><\/a><\/p>\n","protected":false},"excerpt":{"rendered":"<p>Els nens i nenes de quart hem treballat a l&#8217;\u00e0rea de castell\u00e0, l&#8217;autor Gianni Rodari: \u201cCuentos por tel\u00e9fono\u201d.<br \/>\nEns hem inventat contes curtets per explicar en pocs minuts: \u201cEl pa\u00eds con el \u201cdes\u201d delante i \u201cVamos a inventar n\u00fameros\u201d.<br \/>\nAqu\u00ed teniu una mostra dels \u00faltims contes\u00a0 realitzats&hellip;  <a href=\"https:\/\/agora.xtec.cat\/escolamestralvilanova\/portada\/inventem-numeros\/\" title=\"Read INVENTEM N\u00daMEROS\">Llegeix m\u00e9s\u00bb<\/a><\/p>\n","protected":false},"author":1,"featured_media":0,"comment_status":"open","ping_status":"closed","sticky":false,"template":"","format":"standard","meta":{"_bbp_topic_count":0,"_bbp_reply_count":0,"_bbp_total_topic_count":0,"_bbp_total_reply_count":0,"_bbp_voice_count":0,"_bbp_anonymous_reply_count":0,"_bbp_topic_count_hidden":0,"_bbp_reply_count_hidden":0,"_bbp_forum_subforum_count":0,"footnotes":""},"categories":[12,4,5],"tags":[],"class_list":["post-5370","post","type-post","status-publish","format-standard","hentry","category-tercer-quart","category-portada","category-primaria"],"post_mailing_queue_ids":[],"_links":{"self":[{"href":"https:\/\/agora.xtec.cat\/escolamestralvilanova\/wp-json\/wp\/v2\/posts\/5370","targetHints":{"allow":["GET"]}}],"collection":[{"href":"https:\/\/agora.xtec.cat\/escolamestralvilanova\/wp-json\/wp\/v2\/posts"}],"about":[{"href":"https:\/\/agora.xtec.cat\/escolamestralvilanova\/wp-json\/wp\/v2\/types\/post"}],"author":[{"embeddable":true,"href":"https:\/\/agora.xtec.cat\/escolamestralvilanova\/wp-json\/wp\/v2\/users\/1"}],"replies":[{"embeddable":true,"href":"https:\/\/agora.xtec.cat\/escolamestralvilanova\/wp-json\/wp\/v2\/comments?post=5370"}],"version-history":[{"count":1,"href":"https:\/\/agora.xtec.cat\/escolamestralvilanova\/wp-json\/wp\/v2\/posts\/5370\/revisions"}],"predecessor-version":[{"id":5379,"href":"https:\/\/agora.xtec.cat\/escolamestralvilanova\/wp-json\/wp\/v2\/posts\/5370\/revisions\/5379"}],"wp:attachment":[{"href":"https:\/\/agora.xtec.cat\/escolamestralvilanova\/wp-json\/wp\/v2\/media?parent=5370"}],"wp:term":[{"taxonomy":"category","embeddable":true,"href":"https:\/\/agora.xtec.cat\/escolamestralvilanova\/wp-json\/wp\/v2\/categories?post=5370"},{"taxonomy":"post_tag","embeddable":true,"href":"https:\/\/agora.xtec.cat\/escolamestralvilanova\/wp-json\/wp\/v2\/tags?post=5370"}],"curies":[{"name":"wp","href":"https:\/\/api.w.org\/{rel}","templated":true}]}}