{"id":5347,"date":"2021-05-14T18:41:11","date_gmt":"2021-05-14T16:41:11","guid":{"rendered":"http:\/\/agora.xtec.cat\/escolamestralvilanova\/?p=5347"},"modified":"2021-05-14T18:41:36","modified_gmt":"2021-05-14T16:41:36","slug":"liu-fa-2-anys","status":"publish","type":"post","link":"https:\/\/agora.xtec.cat\/escolamestralvilanova\/infantil\/liu-fa-2-anys\/","title":{"rendered":"L&#8217;\u00cfU FA 2 ANYS"},"content":{"rendered":"<p style=\"text-align: justify;\">Avui a l&#8217;escoleta hem celebrat el segon aniversari de l&#8217;\u00cfu!<img decoding=\"async\" class=\"CToWUd\" src=\"https:\/\/mail.google.com\/mail\/e\/1f382\" alt=\"\ud83c\udf82\" data-goomoji=\"1f382\" data-image-whitelisted=\"\" \/><br \/>\nLi hem decorat una corona i pintat una fusteta com a regal!<br \/>\nTamb\u00e9 li hem cantat i ballat la can\u00e7\u00f3 d&#8217;aniversari i ho hem celebrat jugant amb globus i confeti!! <img decoding=\"async\" class=\"CToWUd\" src=\"https:\/\/mail.google.com\/mail\/e\/1f389\" alt=\"\ud83c\udf89\" data-goomoji=\"1f389\" data-image-whitelisted=\"\" \/><img decoding=\"async\" class=\"CToWUd\" src=\"https:\/\/mail.google.com\/mail\/e\/1f388\" alt=\"\ud83c\udf88\" data-goomoji=\"1f388\" data-image-whitelisted=\"\" \/><br \/>\nA m\u00e9s, ens ha portat un regal per l&#8217;aula: un trencaclosques d&#8217;un cargol que ens ha encantat, moltes gr\u00e0cies fam\u00edlia!<\/p>\n<ul>\n<li><a href=\"https:\/\/photos.app.goo.gl\/QZWfAMqVzMPLmVQG8\">ENLLA\u00c7 A LES FOTOGRAFIES<\/a><\/li>\n<\/ul>\n<p><a href=\"https:\/\/photos.app.goo.gl\/QZWfAMqVzMPLmVQG8\"><img loading=\"lazy\" decoding=\"async\" class=\"alignnone size-medium wp-image-5348\" src=\"https:\/\/agora.xtec.cat\/escolamestralvilanova\/wp-content\/uploads\/usu729\/2021\/05\/IMG_20210514_101711-01-259x300.jpeg\" alt=\"\" width=\"259\" height=\"300\" srcset=\"https:\/\/agora.xtec.cat\/escolamestralvilanova\/wp-content\/uploads\/usu729\/2021\/05\/IMG_20210514_101711-01-259x300.jpeg 259w, https:\/\/agora.xtec.cat\/escolamestralvilanova\/wp-content\/uploads\/usu729\/2021\/05\/IMG_20210514_101711-01-768x891.jpeg 768w, https:\/\/agora.xtec.cat\/escolamestralvilanova\/wp-content\/uploads\/usu729\/2021\/05\/IMG_20210514_101711-01-882x1024.jpeg 882w\" sizes=\"auto, (max-width: 259px) 100vw, 259px\" \/><\/a><\/p>\n","protected":false},"excerpt":{"rendered":"<p>Avui a l&#8217;escoleta hem celebrat el segon aniversari de l&#8217;\u00cfu!<br \/>\nLi hem decorat una corona i pintat una fusteta com a regal!<br \/>\nTamb\u00e9 li hem cantat i ballat la can\u00e7\u00f3 d&#8217;aniversari i ho hem celebrat jugant amb globus i confeti!!<br \/>\nA m\u00e9s, ens ha portat un regal&hellip;  <a href=\"https:\/\/agora.xtec.cat\/escolamestralvilanova\/infantil\/liu-fa-2-anys\/\" title=\"Read L&#8217;\u00cfU FA 2 ANYS\">Llegeix m\u00e9s\u00bb<\/a><\/p>\n","protected":false},"author":1,"featured_media":0,"comment_status":"open","ping_status":"closed","sticky":false,"template":"","format":"standard","meta":{"_bbp_topic_count":0,"_bbp_reply_count":0,"_bbp_total_topic_count":0,"_bbp_total_reply_count":0,"_bbp_voice_count":0,"_bbp_anonymous_reply_count":0,"_bbp_topic_count_hidden":0,"_bbp_reply_count_hidden":0,"_bbp_forum_subforum_count":0,"footnotes":""},"categories":[14,59,2,4],"tags":[],"class_list":["post-5347","post","type-post","status-publish","format-standard","hentry","category-ei1-ei2","category-primer-cicle-ed-infantil","category-infantil","category-portada"],"post_mailing_queue_ids":[],"_links":{"self":[{"href":"https:\/\/agora.xtec.cat\/escolamestralvilanova\/wp-json\/wp\/v2\/posts\/5347","targetHints":{"allow":["GET"]}}],"collection":[{"href":"https:\/\/agora.xtec.cat\/escolamestralvilanova\/wp-json\/wp\/v2\/posts"}],"about":[{"href":"https:\/\/agora.xtec.cat\/escolamestralvilanova\/wp-json\/wp\/v2\/types\/post"}],"author":[{"embeddable":true,"href":"https:\/\/agora.xtec.cat\/escolamestralvilanova\/wp-json\/wp\/v2\/users\/1"}],"replies":[{"embeddable":true,"href":"https:\/\/agora.xtec.cat\/escolamestralvilanova\/wp-json\/wp\/v2\/comments?post=5347"}],"version-history":[{"count":1,"href":"https:\/\/agora.xtec.cat\/escolamestralvilanova\/wp-json\/wp\/v2\/posts\/5347\/revisions"}],"predecessor-version":[{"id":5349,"href":"https:\/\/agora.xtec.cat\/escolamestralvilanova\/wp-json\/wp\/v2\/posts\/5347\/revisions\/5349"}],"wp:attachment":[{"href":"https:\/\/agora.xtec.cat\/escolamestralvilanova\/wp-json\/wp\/v2\/media?parent=5347"}],"wp:term":[{"taxonomy":"category","embeddable":true,"href":"https:\/\/agora.xtec.cat\/escolamestralvilanova\/wp-json\/wp\/v2\/categories?post=5347"},{"taxonomy":"post_tag","embeddable":true,"href":"https:\/\/agora.xtec.cat\/escolamestralvilanova\/wp-json\/wp\/v2\/tags?post=5347"}],"curies":[{"name":"wp","href":"https:\/\/api.w.org\/{rel}","templated":true}]}}