{"id":5326,"date":"2021-05-04T21:11:47","date_gmt":"2021-05-04T19:11:47","guid":{"rendered":"http:\/\/agora.xtec.cat\/escolamestralvilanova\/?p=5326"},"modified":"2021-05-12T21:15:16","modified_gmt":"2021-05-12T19:15:16","slug":"proves-de-competencies-basiques","status":"publish","type":"post","link":"https:\/\/agora.xtec.cat\/escolamestralvilanova\/portada\/proves-de-competencies-basiques\/","title":{"rendered":"PROVES DE COMPET\u00c8NCIES B\u00c0SIQUES"},"content":{"rendered":"<p>Durant els dies 4, 5 i 6 de maig els alumnes de sis\u00e8 estan realitzant les proves de Compet\u00e8ncies B\u00e0siques.<\/p>\n<p>Aquestes consisteixen en la realitzaci\u00f3 d&#8217;unes proves en les \u00e0rees de:<\/p>\n<ul style=\"list-style-type: circle;\">\n<li><em>Llengua catalana<\/em><\/li>\n<li><em>Llengua castellana<\/em><\/li>\n<li><em>Llengua anglesa<\/em><\/li>\n<li><em>Medi<\/em><\/li>\n<li><em>Matem\u00e0tiques<\/em><\/li>\n<\/ul>\n<p>Mota sort!<\/p>\n<ul>\n<li><a href=\"https:\/\/photos.google.com\/share\/AF1QipOlYv15VzeqOVQ833RiXHXE_sOAzjXlT0ihj0I6DpaETJHYXoxZ1WLF-njnDFPXIQ?key=TlgwX1Vab1djeVhfVld1ZjQ4NV94elVmOW85UnNB\">\u00a0ENLLA\u00c7 A LES FOTOGRAFIES<\/a><\/li>\n<\/ul>\n<p><a href=\"https:\/\/photos.google.com\/share\/AF1QipOlYv15VzeqOVQ833RiXHXE_sOAzjXlT0ihj0I6DpaETJHYXoxZ1WLF-njnDFPXIQ?key=TlgwX1Vab1djeVhfVld1ZjQ4NV94elVmOW85UnNB\"><img loading=\"lazy\" decoding=\"async\" class=\"alignnone size-medium wp-image-5327\" src=\"https:\/\/agora.xtec.cat\/escolamestralvilanova\/wp-content\/uploads\/usu729\/2021\/05\/IMG_9495-300x225.jpg\" alt=\"\" width=\"300\" height=\"225\" srcset=\"https:\/\/agora.xtec.cat\/escolamestralvilanova\/wp-content\/uploads\/usu729\/2021\/05\/IMG_9495-300x225.jpg 300w, https:\/\/agora.xtec.cat\/escolamestralvilanova\/wp-content\/uploads\/usu729\/2021\/05\/IMG_9495-768x576.jpg 768w, https:\/\/agora.xtec.cat\/escolamestralvilanova\/wp-content\/uploads\/usu729\/2021\/05\/IMG_9495-200x150.jpg 200w, https:\/\/agora.xtec.cat\/escolamestralvilanova\/wp-content\/uploads\/usu729\/2021\/05\/IMG_9495.jpg 1000w\" sizes=\"auto, (max-width: 300px) 100vw, 300px\" \/><\/a><\/p>\n","protected":false},"excerpt":{"rendered":"<p>Durant els dies 4, 5 i 6 de maig els alumnes de sis\u00e8 estan realitzant les proves de Compet\u00e8ncies B\u00e0siques.<br \/>\nAquestes consisteixen en la realitzaci\u00f3 d&#8217;unes proves en les \u00e0rees de:<\/p>\n<ul style=\"list-style-type: circle;\">\n<li>Llengua catalana<\/li>\n<li>Llengua castellana<\/li>\n<li>Llengua anglesa<\/li>\n<li>Medi<\/li>\n<li>Matem\u00e0tiques<\/li>\n<\/ul>\n<p>Mota sort!<\/p>\n<ul>\n<li><a href=\"https:\/\/photos.google.com\/share\/AF1QipOlYv15VzeqOVQ833RiXHXE_sOAzjXlT0ihj0I6DpaETJHYXoxZ1WLF-njnDFPXIQ?key=TlgwX1Vab1djeVhfVld1ZjQ4NV94elVmOW85UnNB\">\u00a0ENLLA\u00c7 A LES FOTOGRAFIES<\/a><\/li>\n<\/ul>\n<p><a href=\"https:\/\/photos.google.com\/share\/AF1QipOlYv15VzeqOVQ833RiXHXE_sOAzjXlT0ihj0I6DpaETJHYXoxZ1WLF-njnDFPXIQ?key=TlgwX1Vab1djeVhfVld1ZjQ4NV94elVmOW85UnNB\"><\/a><\/p>\n","protected":false},"author":1,"featured_media":0,"comment_status":"open","ping_status":"closed","sticky":false,"template":"","format":"standard","meta":{"_bbp_topic_count":0,"_bbp_reply_count":0,"_bbp_total_topic_count":0,"_bbp_total_reply_count":0,"_bbp_voice_count":0,"_bbp_anonymous_reply_count":0,"_bbp_topic_count_hidden":0,"_bbp_reply_count_hidden":0,"_bbp_forum_subforum_count":0,"footnotes":""},"categories":[15,4,5],"tags":[],"class_list":["post-5326","post","type-post","status-publish","format-standard","hentry","category-cicle-superior","category-portada","category-primaria"],"post_mailing_queue_ids":[],"_links":{"self":[{"href":"https:\/\/agora.xtec.cat\/escolamestralvilanova\/wp-json\/wp\/v2\/posts\/5326","targetHints":{"allow":["GET"]}}],"collection":[{"href":"https:\/\/agora.xtec.cat\/escolamestralvilanova\/wp-json\/wp\/v2\/posts"}],"about":[{"href":"https:\/\/agora.xtec.cat\/escolamestralvilanova\/wp-json\/wp\/v2\/types\/post"}],"author":[{"embeddable":true,"href":"https:\/\/agora.xtec.cat\/escolamestralvilanova\/wp-json\/wp\/v2\/users\/1"}],"replies":[{"embeddable":true,"href":"https:\/\/agora.xtec.cat\/escolamestralvilanova\/wp-json\/wp\/v2\/comments?post=5326"}],"version-history":[{"count":2,"href":"https:\/\/agora.xtec.cat\/escolamestralvilanova\/wp-json\/wp\/v2\/posts\/5326\/revisions"}],"predecessor-version":[{"id":5329,"href":"https:\/\/agora.xtec.cat\/escolamestralvilanova\/wp-json\/wp\/v2\/posts\/5326\/revisions\/5329"}],"wp:attachment":[{"href":"https:\/\/agora.xtec.cat\/escolamestralvilanova\/wp-json\/wp\/v2\/media?parent=5326"}],"wp:term":[{"taxonomy":"category","embeddable":true,"href":"https:\/\/agora.xtec.cat\/escolamestralvilanova\/wp-json\/wp\/v2\/categories?post=5326"},{"taxonomy":"post_tag","embeddable":true,"href":"https:\/\/agora.xtec.cat\/escolamestralvilanova\/wp-json\/wp\/v2\/tags?post=5326"}],"curies":[{"name":"wp","href":"https:\/\/api.w.org\/{rel}","templated":true}]}}