{"id":5273,"date":"2021-05-04T18:51:06","date_gmt":"2021-05-04T16:51:06","guid":{"rendered":"http:\/\/agora.xtec.cat\/escolamestralvilanova\/?p=5273"},"modified":"2021-05-04T18:51:14","modified_gmt":"2021-05-04T16:51:14","slug":"setmana-del-color-verd","status":"publish","type":"post","link":"https:\/\/agora.xtec.cat\/escolamestralvilanova\/infantil\/setmana-del-color-verd\/","title":{"rendered":"SETMANA DEL COLOR VERD"},"content":{"rendered":"<p style=\"text-align: justify;\">Ahir els infants de l&#8217;escoleta van tenir una provocaci\u00f3 al joc amb peces de color verd!<br \/>\nI avui han pintat amb hortalisses d&#8217;aquest mateix color (espinacs, julivert i menta)!<\/p>\n<p>A m\u00e9s, l&#8217;estem treballant a trav\u00e9s de can\u00e7ons, contes, buscant objectes d&#8217;aquest color per l&#8217;aula o a la nostra roba..!<\/p>\n<p>Dem\u00e0 m\u00e9s! <img decoding=\"async\" class=\"CToWUd\" src=\"https:\/\/mail.google.com\/mail\/e\/1f33f\" alt=\"\ud83c\udf3f\" data-goomoji=\"1f33f\" data-image-whitelisted=\"\" \/>\ud83d\udfe2<\/p>\n<ul>\n<li style=\"text-align: justify;\"><a href=\"https:\/\/photos.app.goo.gl\/XzpcJzpjTiwmJosX7\">ENLLA\u00c7 A LES FOTOGRAFIES<\/a><\/li>\n<\/ul>\n<p><a href=\"https:\/\/photos.app.goo.gl\/XzpcJzpjTiwmJosX7\"><img loading=\"lazy\" decoding=\"async\" class=\"alignnone size-medium wp-image-5274\" src=\"https:\/\/agora.xtec.cat\/escolamestralvilanova\/wp-content\/uploads\/usu729\/2021\/05\/IMG_20210503_085250-300x169.jpg\" alt=\"\" width=\"300\" height=\"169\" srcset=\"https:\/\/agora.xtec.cat\/escolamestralvilanova\/wp-content\/uploads\/usu729\/2021\/05\/IMG_20210503_085250-300x169.jpg 300w, https:\/\/agora.xtec.cat\/escolamestralvilanova\/wp-content\/uploads\/usu729\/2021\/05\/IMG_20210503_085250-768x432.jpg 768w, https:\/\/agora.xtec.cat\/escolamestralvilanova\/wp-content\/uploads\/usu729\/2021\/05\/IMG_20210503_085250-1024x576.jpg 1024w\" sizes=\"auto, (max-width: 300px) 100vw, 300px\" \/><\/a><\/p>\n","protected":false},"excerpt":{"rendered":"<p>Ahir els infants de l&#8217;escoleta van tenir una provocaci\u00f3 al joc amb peces de color verd!<br \/>\nI avui han pintat amb hortalisses d&#8217;aquest mateix color (espinacs, julivert i menta)!<br \/>\nA m\u00e9s, l&#8217;estem treballant a trav\u00e9s de can\u00e7ons, contes, buscant objectes d&#8217;aquest color per l&#8217;aula o a la&hellip;  <a href=\"https:\/\/agora.xtec.cat\/escolamestralvilanova\/infantil\/setmana-del-color-verd\/\" title=\"Read SETMANA DEL COLOR VERD\">Llegeix m\u00e9s\u00bb<\/a><\/p>\n","protected":false},"author":1,"featured_media":0,"comment_status":"open","ping_status":"closed","sticky":false,"template":"","format":"standard","meta":{"_bbp_topic_count":0,"_bbp_reply_count":0,"_bbp_total_topic_count":0,"_bbp_total_reply_count":0,"_bbp_voice_count":0,"_bbp_anonymous_reply_count":0,"_bbp_topic_count_hidden":0,"_bbp_reply_count_hidden":0,"_bbp_forum_subforum_count":0,"footnotes":""},"categories":[14,59,2,4],"tags":[],"class_list":["post-5273","post","type-post","status-publish","format-standard","hentry","category-ei1-ei2","category-primer-cicle-ed-infantil","category-infantil","category-portada"],"post_mailing_queue_ids":[],"_links":{"self":[{"href":"https:\/\/agora.xtec.cat\/escolamestralvilanova\/wp-json\/wp\/v2\/posts\/5273","targetHints":{"allow":["GET"]}}],"collection":[{"href":"https:\/\/agora.xtec.cat\/escolamestralvilanova\/wp-json\/wp\/v2\/posts"}],"about":[{"href":"https:\/\/agora.xtec.cat\/escolamestralvilanova\/wp-json\/wp\/v2\/types\/post"}],"author":[{"embeddable":true,"href":"https:\/\/agora.xtec.cat\/escolamestralvilanova\/wp-json\/wp\/v2\/users\/1"}],"replies":[{"embeddable":true,"href":"https:\/\/agora.xtec.cat\/escolamestralvilanova\/wp-json\/wp\/v2\/comments?post=5273"}],"version-history":[{"count":2,"href":"https:\/\/agora.xtec.cat\/escolamestralvilanova\/wp-json\/wp\/v2\/posts\/5273\/revisions"}],"predecessor-version":[{"id":5276,"href":"https:\/\/agora.xtec.cat\/escolamestralvilanova\/wp-json\/wp\/v2\/posts\/5273\/revisions\/5276"}],"wp:attachment":[{"href":"https:\/\/agora.xtec.cat\/escolamestralvilanova\/wp-json\/wp\/v2\/media?parent=5273"}],"wp:term":[{"taxonomy":"category","embeddable":true,"href":"https:\/\/agora.xtec.cat\/escolamestralvilanova\/wp-json\/wp\/v2\/categories?post=5273"},{"taxonomy":"post_tag","embeddable":true,"href":"https:\/\/agora.xtec.cat\/escolamestralvilanova\/wp-json\/wp\/v2\/tags?post=5273"}],"curies":[{"name":"wp","href":"https:\/\/api.w.org\/{rel}","templated":true}]}}