{"id":5268,"date":"2021-05-03T20:00:56","date_gmt":"2021-05-03T18:00:56","guid":{"rendered":"http:\/\/agora.xtec.cat\/escolamestralvilanova\/?p=5268"},"modified":"2021-05-03T20:01:21","modified_gmt":"2021-05-03T18:01:21","slug":"mes-experiencies-en-familia-3","status":"publish","type":"post","link":"https:\/\/agora.xtec.cat\/escolamestralvilanova\/infantil\/mes-experiencies-en-familia-3\/","title":{"rendered":"M\u00c9S EXPERI\u00c8NCIES EN FAM\u00cdLIA"},"content":{"rendered":"<p style=\"text-align: justify;\">Avui ha estat el torn de la Morgan; ens ha portat unes fotos on ella i la seva fam\u00edlia li donaven menjar als animals que tenen a casa seva: un ase, ovelles&#8230; I tamb\u00e9 unes altres on recollien flors!<br \/>\nQuin privilegi viure envoltats d&#8217;animals i natura, moltes gr\u00e0cies fam\u00edlia!<img decoding=\"async\" class=\"CToWUd\" src=\"https:\/\/mail.google.com\/mail\/e\/1f33c\" alt=\"\ud83c\udf3c\" data-goomoji=\"1f33c\" data-image-whitelisted=\"\" \/><img decoding=\"async\" class=\"CToWUd\" src=\"https:\/\/mail.google.com\/mail\/e\/1f411\" alt=\"\ud83d\udc11\" data-goomoji=\"1f411\" data-image-whitelisted=\"\" \/><\/p>\n<ul>\n<li><a href=\"https:\/\/photos.app.goo.gl\/a7HqiVZBZ8x2C6Ys8\">ENLLA\u00c7 A LES FOTOGRAFIES<\/a><\/li>\n<\/ul>\n<p><a href=\"https:\/\/photos.app.goo.gl\/a7HqiVZBZ8x2C6Ys8\"><img loading=\"lazy\" decoding=\"async\" class=\"alignnone size-medium wp-image-5269\" src=\"https:\/\/agora.xtec.cat\/escolamestralvilanova\/wp-content\/uploads\/usu729\/2021\/05\/original_65bc4358-648c-4f78-bdf4-a98125c58298_IMG_20210503_111053-196x300.jpg\" alt=\"\" width=\"196\" height=\"300\" srcset=\"https:\/\/agora.xtec.cat\/escolamestralvilanova\/wp-content\/uploads\/usu729\/2021\/05\/original_65bc4358-648c-4f78-bdf4-a98125c58298_IMG_20210503_111053-196x300.jpg 196w, https:\/\/agora.xtec.cat\/escolamestralvilanova\/wp-content\/uploads\/usu729\/2021\/05\/original_65bc4358-648c-4f78-bdf4-a98125c58298_IMG_20210503_111053-768x1173.jpg 768w, https:\/\/agora.xtec.cat\/escolamestralvilanova\/wp-content\/uploads\/usu729\/2021\/05\/original_65bc4358-648c-4f78-bdf4-a98125c58298_IMG_20210503_111053-671x1024.jpg 671w, https:\/\/agora.xtec.cat\/escolamestralvilanova\/wp-content\/uploads\/usu729\/2021\/05\/original_65bc4358-648c-4f78-bdf4-a98125c58298_IMG_20210503_111053.jpg 1000w\" sizes=\"auto, (max-width: 196px) 100vw, 196px\" \/><\/a><\/p>\n<div class=\"yj6qo\"><\/div>\n<div class=\"adL\"><\/div>\n","protected":false},"excerpt":{"rendered":"<p>Avui ha estat el torn de la Morgan; ens ha portat unes fotos on ella i la seva fam\u00edlia li donaven menjar als animals que tenen a casa seva: un ase, ovelles&#8230; I tamb\u00e9 unes altres on recollien flors!<br \/>\nQuin privilegi viure envoltats d&#8217;animals i natura,&hellip;  <a href=\"https:\/\/agora.xtec.cat\/escolamestralvilanova\/infantil\/mes-experiencies-en-familia-3\/\" title=\"Read M\u00c9S EXPERI\u00c8NCIES EN FAM\u00cdLIA\">Llegeix m\u00e9s\u00bb<\/a><\/p>\n","protected":false},"author":1,"featured_media":0,"comment_status":"open","ping_status":"closed","sticky":false,"template":"","format":"standard","meta":{"_bbp_topic_count":0,"_bbp_reply_count":0,"_bbp_total_topic_count":0,"_bbp_total_reply_count":0,"_bbp_voice_count":0,"_bbp_anonymous_reply_count":0,"_bbp_topic_count_hidden":0,"_bbp_reply_count_hidden":0,"_bbp_forum_subforum_count":0,"footnotes":""},"categories":[14,59,2,4],"tags":[],"class_list":["post-5268","post","type-post","status-publish","format-standard","hentry","category-ei1-ei2","category-primer-cicle-ed-infantil","category-infantil","category-portada"],"post_mailing_queue_ids":[],"_links":{"self":[{"href":"https:\/\/agora.xtec.cat\/escolamestralvilanova\/wp-json\/wp\/v2\/posts\/5268","targetHints":{"allow":["GET"]}}],"collection":[{"href":"https:\/\/agora.xtec.cat\/escolamestralvilanova\/wp-json\/wp\/v2\/posts"}],"about":[{"href":"https:\/\/agora.xtec.cat\/escolamestralvilanova\/wp-json\/wp\/v2\/types\/post"}],"author":[{"embeddable":true,"href":"https:\/\/agora.xtec.cat\/escolamestralvilanova\/wp-json\/wp\/v2\/users\/1"}],"replies":[{"embeddable":true,"href":"https:\/\/agora.xtec.cat\/escolamestralvilanova\/wp-json\/wp\/v2\/comments?post=5268"}],"version-history":[{"count":2,"href":"https:\/\/agora.xtec.cat\/escolamestralvilanova\/wp-json\/wp\/v2\/posts\/5268\/revisions"}],"predecessor-version":[{"id":5271,"href":"https:\/\/agora.xtec.cat\/escolamestralvilanova\/wp-json\/wp\/v2\/posts\/5268\/revisions\/5271"}],"wp:attachment":[{"href":"https:\/\/agora.xtec.cat\/escolamestralvilanova\/wp-json\/wp\/v2\/media?parent=5268"}],"wp:term":[{"taxonomy":"category","embeddable":true,"href":"https:\/\/agora.xtec.cat\/escolamestralvilanova\/wp-json\/wp\/v2\/categories?post=5268"},{"taxonomy":"post_tag","embeddable":true,"href":"https:\/\/agora.xtec.cat\/escolamestralvilanova\/wp-json\/wp\/v2\/tags?post=5268"}],"curies":[{"name":"wp","href":"https:\/\/api.w.org\/{rel}","templated":true}]}}