{"id":5258,"date":"2021-05-03T10:15:43","date_gmt":"2021-05-03T08:15:43","guid":{"rendered":"http:\/\/agora.xtec.cat\/escolamestralvilanova\/?p=5258"},"modified":"2021-05-03T10:15:50","modified_gmt":"2021-05-03T08:15:50","slug":"a-primer-fem-paper-reciclat","status":"publish","type":"post","link":"https:\/\/agora.xtec.cat\/escolamestralvilanova\/general\/a-primer-fem-paper-reciclat\/","title":{"rendered":"A PRIMER FEM PAPER RECICLAT!"},"content":{"rendered":"<p>A l&#8217;aula de primer estem treballant els materials. Hem mostrat molta curiositat per saber d&#8217;on ve el paper i ho hem investigat. Hem llegit, hem mirat imatges i hem decidit que ens agradaria molt provar de fer paper reciclat.<\/p>\n<p>Pel tal de portar a terme aquesta activitat, en primer lloc hem treballat el text instructiu. Hem llegit i escrit les instruccions a seguir per a fer paper reciclat. Hem mirat un v\u00eddeo on ens explicava pas a pas qu\u00e8 hav\u00edem de fer i quins estris necessit\u00e0vem.<\/p>\n<p>Avui, ben decidits i segur que ens sortiria b\u00e9 ho hem provat! Per tal de compartir aquest proc\u00e9s amb les fam\u00edlies hem gravat un v\u00eddeo que a continuaci\u00f3 us mostrem. Si us ve de gust podeu provar de fer aquesta activitat en fam\u00edlia.<\/p>\n<p>Esperem que us agradi!<\/p>\n<ul>\n<li><a href=\"https:\/\/photos.app.goo.gl\/yZtaBZ31r2eatRxV6\">ENLLA\u00c7 AL V\u00cdDEO<\/a><\/li>\n<\/ul>\n<p><a href=\"https:\/\/photos.app.goo.gl\/yZtaBZ31r2eatRxV6\"><img loading=\"lazy\" decoding=\"async\" class=\"alignnone wp-image-5260 size-large\" src=\"https:\/\/agora.xtec.cat\/escolamestralvilanova\/wp-content\/uploads\/usu729\/2021\/04\/Fem-paper-reciclat-724x1024.jpg\" alt=\"\" width=\"724\" height=\"1024\" srcset=\"https:\/\/agora.xtec.cat\/escolamestralvilanova\/wp-content\/uploads\/usu729\/2021\/04\/Fem-paper-reciclat-724x1024.jpg 724w, https:\/\/agora.xtec.cat\/escolamestralvilanova\/wp-content\/uploads\/usu729\/2021\/04\/Fem-paper-reciclat-212x300.jpg 212w, https:\/\/agora.xtec.cat\/escolamestralvilanova\/wp-content\/uploads\/usu729\/2021\/04\/Fem-paper-reciclat-768x1086.jpg 768w, https:\/\/agora.xtec.cat\/escolamestralvilanova\/wp-content\/uploads\/usu729\/2021\/04\/Fem-paper-reciclat.jpg 1587w\" sizes=\"auto, (max-width: 724px) 100vw, 724px\" \/><\/a><\/p>\n<p>&nbsp;<\/p>\n","protected":false},"excerpt":{"rendered":"<p>A l&#8217;aula de primer estem treballant els materials. Hem mostrat molta curiositat per saber d&#8217;on ve el paper i ho hem investigat. Hem llegit, hem mirat imatges i hem decidit que ens agradaria molt provar de fer paper reciclat.<br \/>\nPel tal de portar a terme aquesta&hellip;  <a href=\"https:\/\/agora.xtec.cat\/escolamestralvilanova\/general\/a-primer-fem-paper-reciclat\/\" title=\"Read A PRIMER FEM PAPER RECICLAT!\">Llegeix m\u00e9s\u00bb<\/a><\/p>\n","protected":false},"author":6,"featured_media":0,"comment_status":"open","ping_status":"closed","sticky":false,"template":"","format":"standard","meta":{"_bbp_topic_count":0,"_bbp_reply_count":0,"_bbp_total_topic_count":0,"_bbp_total_reply_count":0,"_bbp_voice_count":0,"_bbp_anonymous_reply_count":0,"_bbp_topic_count_hidden":0,"_bbp_reply_count_hidden":0,"_bbp_forum_subforum_count":0,"footnotes":""},"categories":[10,1,4,5],"tags":[],"class_list":["post-5258","post","type-post","status-publish","format-standard","hentry","category-ei5-primer","category-general","category-portada","category-primaria"],"post_mailing_queue_ids":[],"_links":{"self":[{"href":"https:\/\/agora.xtec.cat\/escolamestralvilanova\/wp-json\/wp\/v2\/posts\/5258","targetHints":{"allow":["GET"]}}],"collection":[{"href":"https:\/\/agora.xtec.cat\/escolamestralvilanova\/wp-json\/wp\/v2\/posts"}],"about":[{"href":"https:\/\/agora.xtec.cat\/escolamestralvilanova\/wp-json\/wp\/v2\/types\/post"}],"author":[{"embeddable":true,"href":"https:\/\/agora.xtec.cat\/escolamestralvilanova\/wp-json\/wp\/v2\/users\/6"}],"replies":[{"embeddable":true,"href":"https:\/\/agora.xtec.cat\/escolamestralvilanova\/wp-json\/wp\/v2\/comments?post=5258"}],"version-history":[{"count":3,"href":"https:\/\/agora.xtec.cat\/escolamestralvilanova\/wp-json\/wp\/v2\/posts\/5258\/revisions"}],"predecessor-version":[{"id":5267,"href":"https:\/\/agora.xtec.cat\/escolamestralvilanova\/wp-json\/wp\/v2\/posts\/5258\/revisions\/5267"}],"wp:attachment":[{"href":"https:\/\/agora.xtec.cat\/escolamestralvilanova\/wp-json\/wp\/v2\/media?parent=5258"}],"wp:term":[{"taxonomy":"category","embeddable":true,"href":"https:\/\/agora.xtec.cat\/escolamestralvilanova\/wp-json\/wp\/v2\/categories?post=5258"},{"taxonomy":"post_tag","embeddable":true,"href":"https:\/\/agora.xtec.cat\/escolamestralvilanova\/wp-json\/wp\/v2\/tags?post=5258"}],"curies":[{"name":"wp","href":"https:\/\/api.w.org\/{rel}","templated":true}]}}