{"id":5249,"date":"2021-04-29T15:50:32","date_gmt":"2021-04-29T13:50:32","guid":{"rendered":"http:\/\/agora.xtec.cat\/escolamestralvilanova\/?p=5249"},"modified":"2021-04-29T15:52:26","modified_gmt":"2021-04-29T13:52:26","slug":"racons-3","status":"publish","type":"post","link":"https:\/\/agora.xtec.cat\/escolamestralvilanova\/infantil\/racons-3\/","title":{"rendered":"RACONS"},"content":{"rendered":"<p>Avui a l&#8217;escoleta hem estat jugant en 2 racons:<\/p>\n<p><strong>Construccions:<\/strong> <em>on hi havia l&#8217;arc de Waldorf, les peces Lego i els nins. Han fet unes composicions xul\u00edssimes!<\/em><\/p>\n<p><strong>Nombres:<\/strong> <em>hem introdu\u00eft aquest nou material per comen\u00e7ar a treballar els nombres amb els infants m\u00e9s grans. Consisteix en repassar amb el dit sobre el nombre en relleu i plasmar-ho damunt la sorra amb el dit. I comptar els taps que li pertocaven a cada nombre i col\u2022locar-lo en la casella de sota!<\/em><\/p>\n<ul>\n<li><a href=\"https:\/\/photos.app.goo.gl\/s1opi3DY76w2G6L16\">ENLLA\u00c7 A LES FOTOGRAFIES<\/a><\/li>\n<\/ul>\n<p><a href=\"https:\/\/photos.app.goo.gl\/s1opi3DY76w2G6L16\"><img loading=\"lazy\" decoding=\"async\" class=\"alignnone size-medium wp-image-5250\" src=\"https:\/\/agora.xtec.cat\/escolamestralvilanova\/wp-content\/uploads\/usu729\/2021\/04\/IMG_20210429_102023-300x245.jpg\" alt=\"\" width=\"300\" height=\"245\" srcset=\"https:\/\/agora.xtec.cat\/escolamestralvilanova\/wp-content\/uploads\/usu729\/2021\/04\/IMG_20210429_102023-300x245.jpg 300w, https:\/\/agora.xtec.cat\/escolamestralvilanova\/wp-content\/uploads\/usu729\/2021\/04\/IMG_20210429_102023-768x627.jpg 768w, https:\/\/agora.xtec.cat\/escolamestralvilanova\/wp-content\/uploads\/usu729\/2021\/04\/IMG_20210429_102023-1024x836.jpg 1024w\" sizes=\"auto, (max-width: 300px) 100vw, 300px\" \/><\/a><\/p>\n","protected":false},"excerpt":{"rendered":"<p>Avui a l&#8217;escoleta hem estat jugant en 2 racons:<br \/>\nConstruccions: on hi havia l&#8217;arc de Waldorf, les peces Lego i els nins. Han fet unes composicions xul\u00edssimes!<br \/>\nNombres: hem introdu\u00eft aquest nou material per comen\u00e7ar a treballar els nombres amb els infants m\u00e9s grans. Consisteix en repassar&hellip;  <a href=\"https:\/\/agora.xtec.cat\/escolamestralvilanova\/infantil\/racons-3\/\" title=\"Read RACONS\">Llegeix m\u00e9s\u00bb<\/a><\/p>\n","protected":false},"author":1,"featured_media":0,"comment_status":"open","ping_status":"closed","sticky":false,"template":"","format":"standard","meta":{"_bbp_topic_count":0,"_bbp_reply_count":0,"_bbp_total_topic_count":0,"_bbp_total_reply_count":0,"_bbp_voice_count":0,"_bbp_anonymous_reply_count":0,"_bbp_topic_count_hidden":0,"_bbp_reply_count_hidden":0,"_bbp_forum_subforum_count":0,"footnotes":""},"categories":[14,59,2,4],"tags":[],"class_list":["post-5249","post","type-post","status-publish","format-standard","hentry","category-ei1-ei2","category-primer-cicle-ed-infantil","category-infantil","category-portada"],"post_mailing_queue_ids":[],"_links":{"self":[{"href":"https:\/\/agora.xtec.cat\/escolamestralvilanova\/wp-json\/wp\/v2\/posts\/5249","targetHints":{"allow":["GET"]}}],"collection":[{"href":"https:\/\/agora.xtec.cat\/escolamestralvilanova\/wp-json\/wp\/v2\/posts"}],"about":[{"href":"https:\/\/agora.xtec.cat\/escolamestralvilanova\/wp-json\/wp\/v2\/types\/post"}],"author":[{"embeddable":true,"href":"https:\/\/agora.xtec.cat\/escolamestralvilanova\/wp-json\/wp\/v2\/users\/1"}],"replies":[{"embeddable":true,"href":"https:\/\/agora.xtec.cat\/escolamestralvilanova\/wp-json\/wp\/v2\/comments?post=5249"}],"version-history":[{"count":3,"href":"https:\/\/agora.xtec.cat\/escolamestralvilanova\/wp-json\/wp\/v2\/posts\/5249\/revisions"}],"predecessor-version":[{"id":5253,"href":"https:\/\/agora.xtec.cat\/escolamestralvilanova\/wp-json\/wp\/v2\/posts\/5249\/revisions\/5253"}],"wp:attachment":[{"href":"https:\/\/agora.xtec.cat\/escolamestralvilanova\/wp-json\/wp\/v2\/media?parent=5249"}],"wp:term":[{"taxonomy":"category","embeddable":true,"href":"https:\/\/agora.xtec.cat\/escolamestralvilanova\/wp-json\/wp\/v2\/categories?post=5249"},{"taxonomy":"post_tag","embeddable":true,"href":"https:\/\/agora.xtec.cat\/escolamestralvilanova\/wp-json\/wp\/v2\/tags?post=5249"}],"curies":[{"name":"wp","href":"https:\/\/api.w.org\/{rel}","templated":true}]}}