{"id":5238,"date":"2021-05-06T11:03:10","date_gmt":"2021-05-06T09:03:10","guid":{"rendered":"http:\/\/agora.xtec.cat\/escolamestralvilanova\/?p=5238"},"modified":"2021-05-06T12:38:24","modified_gmt":"2021-05-06T10:38:24","slug":"preinscripcio-a-lescoleta-2","status":"publish","type":"post","link":"https:\/\/agora.xtec.cat\/escolamestralvilanova\/general\/preinscripcio-a-lescoleta-2\/","title":{"rendered":"PREINSCRIPCI\u00d3 A L&#8217;ESCOLETA"},"content":{"rendered":"<h3><span style=\"color: #000000;\">PER\u00cdODE DE PREINSCRIPCI\u00d3: a partir del 10 de maig<\/span><\/h3>\n<p style=\"text-align: justify;\"><a href=\"https:\/\/agora.xtec.cat\/escolamestralvilanova\/wp-content\/uploads\/usu729\/2020\/03\/NOVETAT.png\"><img loading=\"lazy\" decoding=\"async\" class=\" wp-image-2401 alignright\" src=\"https:\/\/agora.xtec.cat\/escolamestralvilanova\/wp-content\/uploads\/usu729\/2020\/03\/NOVETAT-300x285.png\" sizes=\"auto, (max-width: 161px) 100vw, 161px\" srcset=\"https:\/\/agora.xtec.cat\/escolamestralvilanova\/wp-content\/uploads\/usu729\/2020\/03\/NOVETAT-300x285.png 300w, https:\/\/agora.xtec.cat\/escolamestralvilanova\/wp-content\/uploads\/usu729\/2020\/03\/NOVETAT.png 620w\" alt=\"\" width=\"161\" height=\"153\" \/><\/a>El proper dilluns 10 de maig s&#8217;inicia el per\u00edode de preinscripci\u00f3 a la Llar d&#8217;Infants municipal &#8220;L&#8217;ESCOLETA&#8221;.<\/p>\n<p style=\"text-align: justify;\">Si hi esteu interessats contacteu amb les oficines de l&#8217;Ajuntament al tel\u00e8fon 973190005 o b\u00e9 correu electr\u00f2nic a <a href=\"mailto:secretaria1@vilanovabarca.cat\">secretaria1@vilanovabarca.cat<\/a> o <a href=\"mailto:secretaria2@vilanovabarca.cat\">secretaria2@vilanovabarca.cat<\/a><\/p>\n<p style=\"text-align: justify;\">Us adjuntem un <a href=\"https:\/\/drive.google.com\/file\/d\/1iH3Vg-NHyJg9lSsoNu3yeA3kEDXcOFAX\/view?usp=sharing\">IDEARI DE L\u2019ESCOLETA<\/a> que recull la informaci\u00f3 m\u00e9s rellevant sobre la seva l\u00ednia pedag\u00f2gica, aix\u00ed com la <a href=\"https:\/\/agora.xtec.cat\/escolamestralvilanova\/wp-content\/uploads\/usu729\/2021\/05\/SOL\u00b7LICITUD-PREINSCRIPCI\u00d3-ESCOLETA.pdf\">SOL\u00b7LICITUD DE PREINSCRIPCI\u00d3.<\/a><\/p>\n<p><a href=\"https:\/\/agora.xtec.cat\/escolamestralvilanova\/wp-content\/uploads\/usu729\/2021\/05\/CARTELL-ESCOLETA-21.png\"><img loading=\"lazy\" decoding=\"async\" class=\"alignnone wp-image-5296 size-medium\" src=\"https:\/\/agora.xtec.cat\/escolamestralvilanova\/wp-content\/uploads\/usu729\/2021\/05\/CARTELL-ESCOLETA-21-300x183.png\" alt=\"\" width=\"300\" height=\"183\" srcset=\"https:\/\/agora.xtec.cat\/escolamestralvilanova\/wp-content\/uploads\/usu729\/2021\/05\/CARTELL-ESCOLETA-21-300x183.png 300w, https:\/\/agora.xtec.cat\/escolamestralvilanova\/wp-content\/uploads\/usu729\/2021\/05\/CARTELL-ESCOLETA-21-768x469.png 768w, https:\/\/agora.xtec.cat\/escolamestralvilanova\/wp-content\/uploads\/usu729\/2021\/05\/CARTELL-ESCOLETA-21-1024x625.png 1024w, https:\/\/agora.xtec.cat\/escolamestralvilanova\/wp-content\/uploads\/usu729\/2021\/05\/CARTELL-ESCOLETA-21.png 2016w\" sizes=\"auto, (max-width: 300px) 100vw, 300px\" \/><\/a><\/p>\n","protected":false},"excerpt":{"rendered":"<p>PER\u00cdODE DE PREINSCRIPCI\u00d3: a partir del 10 de maig<br \/>\n<a href=\"https:\/\/agora.xtec.cat\/escolamestralvilanova\/wp-content\/uploads\/usu729\/2020\/03\/NOVETAT.png\"><\/a>El proper dilluns 10 de maig s&#8217;inicia el per\u00edode de preinscripci\u00f3 a la Llar d&#8217;Infants municipal &#8220;L&#8217;ESCOLETA&#8221;.<br \/>\nSi hi esteu interessats contacteu amb les oficines de l&#8217;Ajuntament al tel\u00e8fon 973190005 o b\u00e9 correu electr\u00f2nic a <a href=\"mailto:secretaria1@vilanovabarca.cat\">secretaria1@vilanovabarca.cat<\/a>&hellip;  <a href=\"https:\/\/agora.xtec.cat\/escolamestralvilanova\/general\/preinscripcio-a-lescoleta-2\/\" title=\"Read PREINSCRIPCI\u00d3 A L&#8217;ESCOLETA\">Llegeix m\u00e9s\u00bb<\/a><\/p>\n","protected":false},"author":1,"featured_media":0,"comment_status":"open","ping_status":"closed","sticky":false,"template":"","format":"standard","meta":{"_bbp_topic_count":0,"_bbp_reply_count":0,"_bbp_total_topic_count":0,"_bbp_total_reply_count":0,"_bbp_voice_count":0,"_bbp_anonymous_reply_count":0,"_bbp_topic_count_hidden":0,"_bbp_reply_count_hidden":0,"_bbp_forum_subforum_count":0,"footnotes":""},"categories":[14,59,1,2,4],"tags":[],"class_list":["post-5238","post","type-post","status-publish","format-standard","hentry","category-ei1-ei2","category-primer-cicle-ed-infantil","category-general","category-infantil","category-portada"],"post_mailing_queue_ids":[],"_links":{"self":[{"href":"https:\/\/agora.xtec.cat\/escolamestralvilanova\/wp-json\/wp\/v2\/posts\/5238","targetHints":{"allow":["GET"]}}],"collection":[{"href":"https:\/\/agora.xtec.cat\/escolamestralvilanova\/wp-json\/wp\/v2\/posts"}],"about":[{"href":"https:\/\/agora.xtec.cat\/escolamestralvilanova\/wp-json\/wp\/v2\/types\/post"}],"author":[{"embeddable":true,"href":"https:\/\/agora.xtec.cat\/escolamestralvilanova\/wp-json\/wp\/v2\/users\/1"}],"replies":[{"embeddable":true,"href":"https:\/\/agora.xtec.cat\/escolamestralvilanova\/wp-json\/wp\/v2\/comments?post=5238"}],"version-history":[{"count":3,"href":"https:\/\/agora.xtec.cat\/escolamestralvilanova\/wp-json\/wp\/v2\/posts\/5238\/revisions"}],"predecessor-version":[{"id":5303,"href":"https:\/\/agora.xtec.cat\/escolamestralvilanova\/wp-json\/wp\/v2\/posts\/5238\/revisions\/5303"}],"wp:attachment":[{"href":"https:\/\/agora.xtec.cat\/escolamestralvilanova\/wp-json\/wp\/v2\/media?parent=5238"}],"wp:term":[{"taxonomy":"category","embeddable":true,"href":"https:\/\/agora.xtec.cat\/escolamestralvilanova\/wp-json\/wp\/v2\/categories?post=5238"},{"taxonomy":"post_tag","embeddable":true,"href":"https:\/\/agora.xtec.cat\/escolamestralvilanova\/wp-json\/wp\/v2\/tags?post=5238"}],"curies":[{"name":"wp","href":"https:\/\/api.w.org\/{rel}","templated":true}]}}