{"id":5229,"date":"2021-04-28T10:50:36","date_gmt":"2021-04-28T08:50:36","guid":{"rendered":"http:\/\/agora.xtec.cat\/escolamestralvilanova\/?p=5229"},"modified":"2021-04-28T10:51:03","modified_gmt":"2021-04-28T08:51:03","slug":"mandales-de-primavera","status":"publish","type":"post","link":"https:\/\/agora.xtec.cat\/escolamestralvilanova\/infantil\/mandales-de-primavera\/","title":{"rendered":"MANDALES DE PRIMAVERA"},"content":{"rendered":"<p style=\"text-align: justify;\">Aquest mat\u00ed els nens i <span class=\"il\">les<\/span> nenes d&#8217;EI3, 4 i 5 hem creat <span class=\"il\">les<\/span> nostres <span class=\"il\">mandales<\/span> de primavera amb diferents flors i elements que vam recollir ahir. Alguns ho hem fet en parelles. D&#8217;altres individualment.<\/p>\n<p style=\"text-align: justify;\">El m\u00e9s important \u00e9s que tots hem participat i hem decidit com ho vol\u00edem fer.<\/p>\n<p style=\"text-align: justify;\">Us deixem algunes fotos de l&#8217;activitat:<\/p>\n<ul>\n<li><a href=\"https:\/\/photos.app.goo.gl\/hohedSLLmPNYqTcq9\">ENLLA\u00c7 A LES FOTOGRAFIES<\/a><\/li>\n<\/ul>\n<p><a href=\"https:\/\/photos.app.goo.gl\/hohedSLLmPNYqTcq9\"><img loading=\"lazy\" decoding=\"async\" class=\"alignnone size-medium wp-image-5230\" src=\"https:\/\/agora.xtec.cat\/escolamestralvilanova\/wp-content\/uploads\/usu729\/2021\/04\/20210420_115724-300x225.jpg\" alt=\"\" width=\"300\" height=\"225\" srcset=\"https:\/\/agora.xtec.cat\/escolamestralvilanova\/wp-content\/uploads\/usu729\/2021\/04\/20210420_115724-300x225.jpg 300w, https:\/\/agora.xtec.cat\/escolamestralvilanova\/wp-content\/uploads\/usu729\/2021\/04\/20210420_115724-768x576.jpg 768w, https:\/\/agora.xtec.cat\/escolamestralvilanova\/wp-content\/uploads\/usu729\/2021\/04\/20210420_115724-1024x768.jpg 1024w, https:\/\/agora.xtec.cat\/escolamestralvilanova\/wp-content\/uploads\/usu729\/2021\/04\/20210420_115724-200x150.jpg 200w, https:\/\/agora.xtec.cat\/escolamestralvilanova\/wp-content\/uploads\/usu729\/2021\/04\/20210420_115724.jpg 1500w\" sizes=\"auto, (max-width: 300px) 100vw, 300px\" \/><\/a><\/p>\n","protected":false},"excerpt":{"rendered":"<p>Aquest mat\u00ed els nens i les nenes d&#8217;EI3, 4 i 5 hem creat les nostres mandales de primavera amb diferents flors i elements que vam recollir ahir. Alguns ho hem fet en parelles. D&#8217;altres individualment.<br \/>\nEl m\u00e9s important \u00e9s que tots hem participat i hem decidit&hellip;  <a href=\"https:\/\/agora.xtec.cat\/escolamestralvilanova\/infantil\/mandales-de-primavera\/\" title=\"Read MANDALES DE PRIMAVERA\">Llegeix m\u00e9s\u00bb<\/a><\/p>\n","protected":false},"author":1,"featured_media":0,"comment_status":"open","ping_status":"closed","sticky":false,"template":"","format":"standard","meta":{"_bbp_topic_count":0,"_bbp_reply_count":0,"_bbp_total_topic_count":0,"_bbp_total_reply_count":0,"_bbp_voice_count":0,"_bbp_anonymous_reply_count":0,"_bbp_topic_count_hidden":0,"_bbp_reply_count_hidden":0,"_bbp_forum_subforum_count":0,"footnotes":""},"categories":[3,8,9,2,4],"tags":[],"class_list":["post-5229","post","type-post","status-publish","format-standard","hentry","category-ei3-ei4-ei5","category-ei4","category-ei5","category-infantil","category-portada"],"post_mailing_queue_ids":[],"_links":{"self":[{"href":"https:\/\/agora.xtec.cat\/escolamestralvilanova\/wp-json\/wp\/v2\/posts\/5229","targetHints":{"allow":["GET"]}}],"collection":[{"href":"https:\/\/agora.xtec.cat\/escolamestralvilanova\/wp-json\/wp\/v2\/posts"}],"about":[{"href":"https:\/\/agora.xtec.cat\/escolamestralvilanova\/wp-json\/wp\/v2\/types\/post"}],"author":[{"embeddable":true,"href":"https:\/\/agora.xtec.cat\/escolamestralvilanova\/wp-json\/wp\/v2\/users\/1"}],"replies":[{"embeddable":true,"href":"https:\/\/agora.xtec.cat\/escolamestralvilanova\/wp-json\/wp\/v2\/comments?post=5229"}],"version-history":[{"count":2,"href":"https:\/\/agora.xtec.cat\/escolamestralvilanova\/wp-json\/wp\/v2\/posts\/5229\/revisions"}],"predecessor-version":[{"id":5232,"href":"https:\/\/agora.xtec.cat\/escolamestralvilanova\/wp-json\/wp\/v2\/posts\/5229\/revisions\/5232"}],"wp:attachment":[{"href":"https:\/\/agora.xtec.cat\/escolamestralvilanova\/wp-json\/wp\/v2\/media?parent=5229"}],"wp:term":[{"taxonomy":"category","embeddable":true,"href":"https:\/\/agora.xtec.cat\/escolamestralvilanova\/wp-json\/wp\/v2\/categories?post=5229"},{"taxonomy":"post_tag","embeddable":true,"href":"https:\/\/agora.xtec.cat\/escolamestralvilanova\/wp-json\/wp\/v2\/tags?post=5229"}],"curies":[{"name":"wp","href":"https:\/\/api.w.org\/{rel}","templated":true}]}}