{"id":5228,"date":"2021-04-29T10:54:16","date_gmt":"2021-04-29T08:54:16","guid":{"rendered":"http:\/\/agora.xtec.cat\/escolamestralvilanova\/?p=5228"},"modified":"2021-04-29T10:54:35","modified_gmt":"2021-04-29T08:54:35","slug":"presentem-el-nostre-lap-book-sobre-els-animals","status":"publish","type":"post","link":"https:\/\/agora.xtec.cat\/escolamestralvilanova\/general\/presentem-el-nostre-lap-book-sobre-els-animals\/","title":{"rendered":"PRESENTEM EL NOSTRE LAP BOOK SOBRE ELS ANIMALS!"},"content":{"rendered":"<p>Els infants de primer hem estat treballant els animals a l&#8217;aula. Hem fet un treball d&#8217;observaci\u00f3 d&#8217;animals, els hem dibuixat, hem escrit les seves caracter\u00edstiques, hem llegit contes d&#8217;animals, hem mirat v\u00eddeos informatius, hem llegit articles, hem treballat la maleta dels animals&#8230;<\/p>\n<p>Amb totes aquestes activitats hem adquirit molts aprenentatges nous que hem plasmat el el nostre <strong>LAP BOOK DELS ANIMALS.<\/strong><\/p>\n<p>Seguint amb el treball de l&#8217;expressi\u00f3 oral a l&#8217;aula hem exposat els nostres lap books i hem elaborat un v\u00eddeo amb les nostres presentacions. Esperem que us agradi molt!<\/p>\n<ul>\n<li><a href=\"https:\/\/photos.app.goo.gl\/RfTysDjocfQw2XJe7\">ENLLA\u00c7 AL V\u00cdDEO<\/a><\/li>\n<\/ul>\n<p><a href=\"https:\/\/photos.app.goo.gl\/RfTysDjocfQw2XJe7\"><img loading=\"lazy\" decoding=\"async\" class=\"alignnone wp-image-5233 size-large\" src=\"https:\/\/agora.xtec.cat\/escolamestralvilanova\/wp-content\/uploads\/usu729\/2021\/04\/2-724x1024.jpg\" alt=\"\" width=\"724\" height=\"1024\" srcset=\"https:\/\/agora.xtec.cat\/escolamestralvilanova\/wp-content\/uploads\/usu729\/2021\/04\/2-724x1024.jpg 724w, https:\/\/agora.xtec.cat\/escolamestralvilanova\/wp-content\/uploads\/usu729\/2021\/04\/2-212x300.jpg 212w, https:\/\/agora.xtec.cat\/escolamestralvilanova\/wp-content\/uploads\/usu729\/2021\/04\/2-768x1086.jpg 768w, https:\/\/agora.xtec.cat\/escolamestralvilanova\/wp-content\/uploads\/usu729\/2021\/04\/2.jpg 1587w\" sizes=\"auto, (max-width: 724px) 100vw, 724px\" \/><\/a><\/p>\n<p>&nbsp;<\/p>\n","protected":false},"excerpt":{"rendered":"<p>Els infants de primer hem estat treballant els animals a l&#8217;aula. Hem fet un treball d&#8217;observaci\u00f3 d&#8217;animals, els hem dibuixat, hem escrit les seves caracter\u00edstiques, hem llegit contes d&#8217;animals, hem mirat v\u00eddeos informatius, hem llegit articles, hem treballat la maleta dels animals&#8230;<br \/>\nAmb totes aquestes activitats&hellip;  <a href=\"https:\/\/agora.xtec.cat\/escolamestralvilanova\/general\/presentem-el-nostre-lap-book-sobre-els-animals\/\" title=\"Read PRESENTEM EL NOSTRE LAP BOOK SOBRE ELS ANIMALS!\">Llegeix m\u00e9s\u00bb<\/a><\/p>\n","protected":false},"author":6,"featured_media":0,"comment_status":"open","ping_status":"closed","sticky":false,"template":"","format":"standard","meta":{"_bbp_topic_count":0,"_bbp_reply_count":0,"_bbp_total_topic_count":0,"_bbp_total_reply_count":0,"_bbp_voice_count":0,"_bbp_anonymous_reply_count":0,"_bbp_topic_count_hidden":0,"_bbp_reply_count_hidden":0,"_bbp_forum_subforum_count":0,"footnotes":""},"categories":[10,1,4,5],"tags":[],"class_list":["post-5228","post","type-post","status-publish","format-standard","hentry","category-ei5-primer","category-general","category-portada","category-primaria"],"post_mailing_queue_ids":[],"_links":{"self":[{"href":"https:\/\/agora.xtec.cat\/escolamestralvilanova\/wp-json\/wp\/v2\/posts\/5228","targetHints":{"allow":["GET"]}}],"collection":[{"href":"https:\/\/agora.xtec.cat\/escolamestralvilanova\/wp-json\/wp\/v2\/posts"}],"about":[{"href":"https:\/\/agora.xtec.cat\/escolamestralvilanova\/wp-json\/wp\/v2\/types\/post"}],"author":[{"embeddable":true,"href":"https:\/\/agora.xtec.cat\/escolamestralvilanova\/wp-json\/wp\/v2\/users\/6"}],"replies":[{"embeddable":true,"href":"https:\/\/agora.xtec.cat\/escolamestralvilanova\/wp-json\/wp\/v2\/comments?post=5228"}],"version-history":[{"count":3,"href":"https:\/\/agora.xtec.cat\/escolamestralvilanova\/wp-json\/wp\/v2\/posts\/5228\/revisions"}],"predecessor-version":[{"id":5248,"href":"https:\/\/agora.xtec.cat\/escolamestralvilanova\/wp-json\/wp\/v2\/posts\/5228\/revisions\/5248"}],"wp:attachment":[{"href":"https:\/\/agora.xtec.cat\/escolamestralvilanova\/wp-json\/wp\/v2\/media?parent=5228"}],"wp:term":[{"taxonomy":"category","embeddable":true,"href":"https:\/\/agora.xtec.cat\/escolamestralvilanova\/wp-json\/wp\/v2\/categories?post=5228"},{"taxonomy":"post_tag","embeddable":true,"href":"https:\/\/agora.xtec.cat\/escolamestralvilanova\/wp-json\/wp\/v2\/tags?post=5228"}],"curies":[{"name":"wp","href":"https:\/\/api.w.org\/{rel}","templated":true}]}}