{"id":5209,"date":"2021-04-23T09:54:20","date_gmt":"2021-04-23T07:54:20","guid":{"rendered":"http:\/\/agora.xtec.cat\/escolamestralvilanova\/?p=5209"},"modified":"2021-04-23T09:54:27","modified_gmt":"2021-04-23T07:54:27","slug":"sant-jordi-a-la-cova-del-drac","status":"publish","type":"post","link":"https:\/\/agora.xtec.cat\/escolamestralvilanova\/portada\/sant-jordi-a-la-cova-del-drac\/","title":{"rendered":"SANT JORDI A LA COVA DEL DRAC"},"content":{"rendered":"<p>Avui, la Pilar, la nostra aprenent, i amb motiu de la diada de Sant Jordi ens ha explicat un conte molt especial anomenat &#8220;<strong>Sant Jordi a la Cova del drac<\/strong>&#8220;.<\/p>\n<p>Aquest conte pertany a una col\u00b7lecci\u00f3 anomenada<strong> Contes Desexplicats.<\/strong> Hist\u00f2ries capgirades com un mitj\u00f3, amb personatges i relats cl\u00e0ssics cap per avall, amb arguments plens de sorpreses, irrever\u00e8ncies i molt d\u2019humor que faran volar i desenvolupar la imaginaci\u00f3 dels primers lectors.<\/p>\n<p>En aquesta llegenda en Sant Jordi \u00e9s un poruc, la princesa soluciona el problema i el drac \u00e9s un cuiner!<\/p>\n<p>Ens ha encantat con\u00e8ixer aquesta hist\u00f2ria!<\/p>\n<p>Feli\u00e7 dia de Sant Jordi fam\u00edlies!<\/p>\n<p><a href=\"https:\/\/agora.xtec.cat\/escolamestralvilanova\/wp-content\/uploads\/usu729\/2021\/04\/sant-jordi.jpg\"><img loading=\"lazy\" decoding=\"async\" class=\"alignnone size-large wp-image-5214\" src=\"https:\/\/agora.xtec.cat\/escolamestralvilanova\/wp-content\/uploads\/usu729\/2021\/04\/sant-jordi-871x1024.jpg\" alt=\"\" width=\"871\" height=\"1024\" srcset=\"https:\/\/agora.xtec.cat\/escolamestralvilanova\/wp-content\/uploads\/usu729\/2021\/04\/sant-jordi-871x1024.jpg 871w, https:\/\/agora.xtec.cat\/escolamestralvilanova\/wp-content\/uploads\/usu729\/2021\/04\/sant-jordi-255x300.jpg 255w, https:\/\/agora.xtec.cat\/escolamestralvilanova\/wp-content\/uploads\/usu729\/2021\/04\/sant-jordi-768x902.jpg 768w, https:\/\/agora.xtec.cat\/escolamestralvilanova\/wp-content\/uploads\/usu729\/2021\/04\/sant-jordi.jpg 1439w\" sizes=\"auto, (max-width: 871px) 100vw, 871px\" \/><\/a><\/p>\n","protected":false},"excerpt":{"rendered":"<p>Avui, la Pilar, la nostra aprenent, i amb motiu de la diada de Sant Jordi ens ha explicat un conte molt especial anomenat &#8220;Sant Jordi a la Cova del drac&#8220;.<br \/>\nAquest conte pertany a una col\u00b7lecci\u00f3 anomenada Contes Desexplicats. Hist\u00f2ries capgirades com un mitj\u00f3, amb personatges&hellip;  <a href=\"https:\/\/agora.xtec.cat\/escolamestralvilanova\/portada\/sant-jordi-a-la-cova-del-drac\/\" title=\"Read SANT JORDI A LA COVA DEL DRAC\">Llegeix m\u00e9s\u00bb<\/a><\/p>\n","protected":false},"author":6,"featured_media":0,"comment_status":"open","ping_status":"closed","sticky":false,"template":"","format":"standard","meta":{"_bbp_topic_count":0,"_bbp_reply_count":0,"_bbp_total_topic_count":0,"_bbp_total_reply_count":0,"_bbp_voice_count":0,"_bbp_anonymous_reply_count":0,"_bbp_topic_count_hidden":0,"_bbp_reply_count_hidden":0,"_bbp_forum_subforum_count":0,"footnotes":""},"categories":[10,4,5],"tags":[],"class_list":["post-5209","post","type-post","status-publish","format-standard","hentry","category-ei5-primer","category-portada","category-primaria"],"post_mailing_queue_ids":[],"_links":{"self":[{"href":"https:\/\/agora.xtec.cat\/escolamestralvilanova\/wp-json\/wp\/v2\/posts\/5209","targetHints":{"allow":["GET"]}}],"collection":[{"href":"https:\/\/agora.xtec.cat\/escolamestralvilanova\/wp-json\/wp\/v2\/posts"}],"about":[{"href":"https:\/\/agora.xtec.cat\/escolamestralvilanova\/wp-json\/wp\/v2\/types\/post"}],"author":[{"embeddable":true,"href":"https:\/\/agora.xtec.cat\/escolamestralvilanova\/wp-json\/wp\/v2\/users\/6"}],"replies":[{"embeddable":true,"href":"https:\/\/agora.xtec.cat\/escolamestralvilanova\/wp-json\/wp\/v2\/comments?post=5209"}],"version-history":[{"count":1,"href":"https:\/\/agora.xtec.cat\/escolamestralvilanova\/wp-json\/wp\/v2\/posts\/5209\/revisions"}],"predecessor-version":[{"id":5216,"href":"https:\/\/agora.xtec.cat\/escolamestralvilanova\/wp-json\/wp\/v2\/posts\/5209\/revisions\/5216"}],"wp:attachment":[{"href":"https:\/\/agora.xtec.cat\/escolamestralvilanova\/wp-json\/wp\/v2\/media?parent=5209"}],"wp:term":[{"taxonomy":"category","embeddable":true,"href":"https:\/\/agora.xtec.cat\/escolamestralvilanova\/wp-json\/wp\/v2\/categories?post=5209"},{"taxonomy":"post_tag","embeddable":true,"href":"https:\/\/agora.xtec.cat\/escolamestralvilanova\/wp-json\/wp\/v2\/tags?post=5209"}],"curies":[{"name":"wp","href":"https:\/\/api.w.org\/{rel}","templated":true}]}}