{"id":5157,"date":"2021-04-21T16:59:53","date_gmt":"2021-04-21T14:59:53","guid":{"rendered":"http:\/\/agora.xtec.cat\/escolamestralvilanova\/?p=5157"},"modified":"2021-04-21T17:08:29","modified_gmt":"2021-04-21T15:08:29","slug":"energies-renovables-al-nostre-poble","status":"publish","type":"post","link":"https:\/\/agora.xtec.cat\/escolamestralvilanova\/portada\/energies-renovables-al-nostre-poble\/","title":{"rendered":"ENERGIES RENOVABLES AL NOSTRE POBLE!"},"content":{"rendered":"<p style=\"text-align: justify;\">Els alumnes de sis\u00e8 hem elaborat uns projectes sobre les energies renovables i la seva viabilitat per implementar-les al nostre poble.<\/p>\n<p style=\"text-align: justify;\"><span style=\"font-family: inherit; font-size: 1em;\">Aquest projecte ens ha perm\u00e8s prendre consci\u00e8ncia sobre la import\u00e0ncia d&#8217;aquest tipus d&#8217;energies per tal de fomentar una societat m\u00e9s sostenible.<\/span><\/p>\n<p style=\"text-align: justify;\">Tot seguit us ensenyem els nostres treballs.<\/p>\n<p style=\"text-align: justify;\">Esperem que us agradin!<\/p>\n<ul>\n<li><a href=\"https:\/\/photos.google.com\/share\/AF1QipNcDkspvCTC_-WuQlQ4J3vMcfp8kKGwLbkItBFSWy3A5QJ1861QnCRmwpsLEECgng?pli=1&amp;key=TG9HZTNVWWJERW1mdGtiNllUR3VLMjBVRDdqOHBn\">ENLLA\u00c7 A LES FOTOGRAFIES<\/a><\/li>\n<\/ul>\n<p><a href=\"https:\/\/agora.xtec.cat\/escolamestralvilanova\/wp-content\/uploads\/usu729\/2021\/04\/energies-renovables-1a-p\u00e0g..jpg\"><img loading=\"lazy\" decoding=\"async\" class=\"alignnone wp-image-5150 size-medium\" src=\"https:\/\/agora.xtec.cat\/escolamestralvilanova\/wp-content\/uploads\/usu729\/2021\/04\/energies-renovables-1a-p\u00e0g.-212x300.jpg\" alt=\"\" width=\"212\" height=\"300\" srcset=\"https:\/\/agora.xtec.cat\/escolamestralvilanova\/wp-content\/uploads\/usu729\/2021\/04\/energies-renovables-1a-p\u00e0g.-212x300.jpg 212w, https:\/\/agora.xtec.cat\/escolamestralvilanova\/wp-content\/uploads\/usu729\/2021\/04\/energies-renovables-1a-p\u00e0g.-768x1086.jpg 768w, https:\/\/agora.xtec.cat\/escolamestralvilanova\/wp-content\/uploads\/usu729\/2021\/04\/energies-renovables-1a-p\u00e0g.-724x1024.jpg 724w, https:\/\/agora.xtec.cat\/escolamestralvilanova\/wp-content\/uploads\/usu729\/2021\/04\/energies-renovables-1a-p\u00e0g..jpg 1587w\" sizes=\"auto, (max-width: 212px) 100vw, 212px\" \/><\/a><\/p>\n","protected":false},"excerpt":{"rendered":"<p>Els alumnes de sis\u00e8 hem elaborat uns projectes sobre les energies renovables i la seva viabilitat per implementar-les al nostre poble.<br \/>\nAquest projecte ens ha perm\u00e8s prendre consci\u00e8ncia sobre la import\u00e0ncia d&#8217;aquest tipus d&#8217;energies per tal de fomentar una societat m\u00e9s sostenible.<br \/>\nTot seguit us ensenyem els&hellip;  <a href=\"https:\/\/agora.xtec.cat\/escolamestralvilanova\/portada\/energies-renovables-al-nostre-poble\/\" title=\"Read ENERGIES RENOVABLES AL NOSTRE POBLE!\">Llegeix m\u00e9s\u00bb<\/a><\/p>\n","protected":false},"author":1,"featured_media":0,"comment_status":"open","ping_status":"closed","sticky":false,"template":"","format":"standard","meta":{"_bbp_topic_count":0,"_bbp_reply_count":0,"_bbp_total_topic_count":0,"_bbp_total_reply_count":0,"_bbp_voice_count":0,"_bbp_anonymous_reply_count":0,"_bbp_topic_count_hidden":0,"_bbp_reply_count_hidden":0,"_bbp_forum_subforum_count":0,"footnotes":""},"categories":[15,4,5],"tags":[],"class_list":["post-5157","post","type-post","status-publish","format-standard","hentry","category-cicle-superior","category-portada","category-primaria"],"post_mailing_queue_ids":[],"_links":{"self":[{"href":"https:\/\/agora.xtec.cat\/escolamestralvilanova\/wp-json\/wp\/v2\/posts\/5157","targetHints":{"allow":["GET"]}}],"collection":[{"href":"https:\/\/agora.xtec.cat\/escolamestralvilanova\/wp-json\/wp\/v2\/posts"}],"about":[{"href":"https:\/\/agora.xtec.cat\/escolamestralvilanova\/wp-json\/wp\/v2\/types\/post"}],"author":[{"embeddable":true,"href":"https:\/\/agora.xtec.cat\/escolamestralvilanova\/wp-json\/wp\/v2\/users\/1"}],"replies":[{"embeddable":true,"href":"https:\/\/agora.xtec.cat\/escolamestralvilanova\/wp-json\/wp\/v2\/comments?post=5157"}],"version-history":[{"count":3,"href":"https:\/\/agora.xtec.cat\/escolamestralvilanova\/wp-json\/wp\/v2\/posts\/5157\/revisions"}],"predecessor-version":[{"id":5170,"href":"https:\/\/agora.xtec.cat\/escolamestralvilanova\/wp-json\/wp\/v2\/posts\/5157\/revisions\/5170"}],"wp:attachment":[{"href":"https:\/\/agora.xtec.cat\/escolamestralvilanova\/wp-json\/wp\/v2\/media?parent=5157"}],"wp:term":[{"taxonomy":"category","embeddable":true,"href":"https:\/\/agora.xtec.cat\/escolamestralvilanova\/wp-json\/wp\/v2\/categories?post=5157"},{"taxonomy":"post_tag","embeddable":true,"href":"https:\/\/agora.xtec.cat\/escolamestralvilanova\/wp-json\/wp\/v2\/tags?post=5157"}],"curies":[{"name":"wp","href":"https:\/\/api.w.org\/{rel}","templated":true}]}}