{"id":5137,"date":"2021-04-19T17:02:37","date_gmt":"2021-04-19T15:02:37","guid":{"rendered":"http:\/\/agora.xtec.cat\/escolamestralvilanova\/?p=5137"},"modified":"2021-04-19T17:02:43","modified_gmt":"2021-04-19T15:02:43","slug":"setmana-de-st-jordi-jordina","status":"publish","type":"post","link":"https:\/\/agora.xtec.cat\/escolamestralvilanova\/infantil\/setmana-de-st-jordi-jordina\/","title":{"rendered":"SETMANA DE ST. JORDI &#8211; JORDINA"},"content":{"rendered":"<p>Durant aquesta setmana a l&#8217;escoleta farem activitats per celebrar aquesta tradici\u00f3! Avui hem explicat la seva llegenda amb titelles fetes amb paper de v\u00e0ter! Els hi ha agradat molt i despr\u00e9s l&#8217;han estat representant ells mateixos.\u00a0<img decoding=\"async\" class=\"CToWUd\" src=\"https:\/\/mail.google.com\/mail\/e\/1f339\" alt=\"\ud83c\udf39\" data-goomoji=\"1f339\" data-image-whitelisted=\"\" \/><img decoding=\"async\" class=\"CToWUd\" src=\"https:\/\/mail.google.com\/mail\/e\/1f432\" alt=\"\ud83d\udc32\" data-goomoji=\"1f432\" data-image-whitelisted=\"\" \/><\/p>\n<ul>\n<li><a href=\"https:\/\/photos.app.goo.gl\/RVVsvZRAj39ACP2r8\">ENLLA\u00c7 A LES FOTOGRAFIES<\/a><\/li>\n<\/ul>\n<p><a href=\"https:\/\/photos.app.goo.gl\/RVVsvZRAj39ACP2r8\"><img loading=\"lazy\" decoding=\"async\" class=\"alignnone size-medium wp-image-5138\" src=\"https:\/\/agora.xtec.cat\/escolamestralvilanova\/wp-content\/uploads\/usu729\/2021\/04\/IMG_20210419_103841-01-300x274.jpeg\" alt=\"\" width=\"300\" height=\"274\" srcset=\"https:\/\/agora.xtec.cat\/escolamestralvilanova\/wp-content\/uploads\/usu729\/2021\/04\/IMG_20210419_103841-01-300x274.jpeg 300w, https:\/\/agora.xtec.cat\/escolamestralvilanova\/wp-content\/uploads\/usu729\/2021\/04\/IMG_20210419_103841-01-768x702.jpeg 768w, https:\/\/agora.xtec.cat\/escolamestralvilanova\/wp-content\/uploads\/usu729\/2021\/04\/IMG_20210419_103841-01-1024x936.jpeg 1024w\" sizes=\"auto, (max-width: 300px) 100vw, 300px\" \/><\/a><\/p>\n","protected":false},"excerpt":{"rendered":"<p>Durant aquesta setmana a l&#8217;escoleta farem activitats per celebrar aquesta tradici\u00f3! Avui hem explicat la seva llegenda amb titelles fetes amb paper de v\u00e0ter! Els hi ha agradat molt i despr\u00e9s l&#8217;han estat representant ells mateixos.\u00a0<\/p>\n<ul>\n<li><a href=\"https:\/\/photos.app.goo.gl\/RVVsvZRAj39ACP2r8\">ENLLA\u00c7 A LES FOTOGRAFIES<\/a><\/li>\n<\/ul>\n<p><a href=\"https:\/\/photos.app.goo.gl\/RVVsvZRAj39ACP2r8\"><\/a><\/p>\n","protected":false},"author":1,"featured_media":0,"comment_status":"open","ping_status":"closed","sticky":false,"template":"","format":"standard","meta":{"_bbp_topic_count":0,"_bbp_reply_count":0,"_bbp_total_topic_count":0,"_bbp_total_reply_count":0,"_bbp_voice_count":0,"_bbp_anonymous_reply_count":0,"_bbp_topic_count_hidden":0,"_bbp_reply_count_hidden":0,"_bbp_forum_subforum_count":0,"footnotes":""},"categories":[59,2,4],"tags":[],"class_list":["post-5137","post","type-post","status-publish","format-standard","hentry","category-primer-cicle-ed-infantil","category-infantil","category-portada"],"post_mailing_queue_ids":[],"_links":{"self":[{"href":"https:\/\/agora.xtec.cat\/escolamestralvilanova\/wp-json\/wp\/v2\/posts\/5137","targetHints":{"allow":["GET"]}}],"collection":[{"href":"https:\/\/agora.xtec.cat\/escolamestralvilanova\/wp-json\/wp\/v2\/posts"}],"about":[{"href":"https:\/\/agora.xtec.cat\/escolamestralvilanova\/wp-json\/wp\/v2\/types\/post"}],"author":[{"embeddable":true,"href":"https:\/\/agora.xtec.cat\/escolamestralvilanova\/wp-json\/wp\/v2\/users\/1"}],"replies":[{"embeddable":true,"href":"https:\/\/agora.xtec.cat\/escolamestralvilanova\/wp-json\/wp\/v2\/comments?post=5137"}],"version-history":[{"count":1,"href":"https:\/\/agora.xtec.cat\/escolamestralvilanova\/wp-json\/wp\/v2\/posts\/5137\/revisions"}],"predecessor-version":[{"id":5139,"href":"https:\/\/agora.xtec.cat\/escolamestralvilanova\/wp-json\/wp\/v2\/posts\/5137\/revisions\/5139"}],"wp:attachment":[{"href":"https:\/\/agora.xtec.cat\/escolamestralvilanova\/wp-json\/wp\/v2\/media?parent=5137"}],"wp:term":[{"taxonomy":"category","embeddable":true,"href":"https:\/\/agora.xtec.cat\/escolamestralvilanova\/wp-json\/wp\/v2\/categories?post=5137"},{"taxonomy":"post_tag","embeddable":true,"href":"https:\/\/agora.xtec.cat\/escolamestralvilanova\/wp-json\/wp\/v2\/tags?post=5137"}],"curies":[{"name":"wp","href":"https:\/\/api.w.org\/{rel}","templated":true}]}}