{"id":5109,"date":"2021-04-15T09:11:05","date_gmt":"2021-04-15T07:11:05","guid":{"rendered":"http:\/\/agora.xtec.cat\/escolamestralvilanova\/?p=5109"},"modified":"2021-04-15T09:11:15","modified_gmt":"2021-04-15T07:11:15","slug":"treballem-amb-les-mans","status":"publish","type":"post","link":"https:\/\/agora.xtec.cat\/escolamestralvilanova\/portada\/treballem-amb-les-mans\/","title":{"rendered":"TREBALLEM AMB LES MANS"},"content":{"rendered":"<p>Aquesta setmana els alumnes de cinqu\u00e8 hem reiniciat els tallers de matem\u00e0tiques. Aquests ens permeten experimentar i treballar d&#8217;una manera m\u00e9s manipulativa i diferent. S\u00f3n activitats que ens engresquen molt i ens aporten un aprenentatge m\u00e9s vivencial.<\/p>\n<p>Les matem\u00e0tiques tamb\u00e9 poden ser divertides!<\/p>\n<p><a href=\"https:\/\/agora.xtec.cat\/escolamestralvilanova\/wp-content\/uploads\/usu729\/2021\/04\/Tallers-matem\u00e0tics-3r-trimestre.jpg\"><img loading=\"lazy\" decoding=\"async\" class=\"alignnone wp-image-5110 size-medium\" src=\"https:\/\/agora.xtec.cat\/escolamestralvilanova\/wp-content\/uploads\/usu729\/2021\/04\/Tallers-matem\u00e0tics-3r-trimestre-300x300.jpg\" alt=\"\" width=\"300\" height=\"300\" srcset=\"https:\/\/agora.xtec.cat\/escolamestralvilanova\/wp-content\/uploads\/usu729\/2021\/04\/Tallers-matem\u00e0tics-3r-trimestre-300x300.jpg 300w, https:\/\/agora.xtec.cat\/escolamestralvilanova\/wp-content\/uploads\/usu729\/2021\/04\/Tallers-matem\u00e0tics-3r-trimestre-150x150.jpg 150w, https:\/\/agora.xtec.cat\/escolamestralvilanova\/wp-content\/uploads\/usu729\/2021\/04\/Tallers-matem\u00e0tics-3r-trimestre-768x768.jpg 768w, https:\/\/agora.xtec.cat\/escolamestralvilanova\/wp-content\/uploads\/usu729\/2021\/04\/Tallers-matem\u00e0tics-3r-trimestre-1024x1024.jpg 1024w, https:\/\/agora.xtec.cat\/escolamestralvilanova\/wp-content\/uploads\/usu729\/2021\/04\/Tallers-matem\u00e0tics-3r-trimestre.jpg 1080w\" sizes=\"auto, (max-width: 300px) 100vw, 300px\" \/><\/a><\/p>\n","protected":false},"excerpt":{"rendered":"<p>Aquesta setmana els alumnes de cinqu\u00e8 hem reiniciat els tallers de matem\u00e0tiques. Aquests ens permeten experimentar i treballar d&#8217;una manera m\u00e9s manipulativa i diferent. S\u00f3n activitats que ens engresquen molt i ens aporten un aprenentatge m\u00e9s vivencial.<br \/>\nLes matem\u00e0tiques tamb\u00e9 poden ser divertides!<br \/>\n<a href=\"https:\/\/agora.xtec.cat\/escolamestralvilanova\/wp-content\/uploads\/usu729\/2021\/04\/Tallers-matem\u00e0tics-3r-trimestre.jpg\"><\/a><\/p>\n","protected":false},"author":1,"featured_media":0,"comment_status":"open","ping_status":"closed","sticky":false,"template":"","format":"standard","meta":{"_bbp_topic_count":0,"_bbp_reply_count":0,"_bbp_total_topic_count":0,"_bbp_total_reply_count":0,"_bbp_voice_count":0,"_bbp_anonymous_reply_count":0,"_bbp_topic_count_hidden":0,"_bbp_reply_count_hidden":0,"_bbp_forum_subforum_count":0,"footnotes":""},"categories":[13,4,5],"tags":[],"class_list":["post-5109","post","type-post","status-publish","format-standard","hentry","category-cinque","category-portada","category-primaria"],"post_mailing_queue_ids":[],"_links":{"self":[{"href":"https:\/\/agora.xtec.cat\/escolamestralvilanova\/wp-json\/wp\/v2\/posts\/5109","targetHints":{"allow":["GET"]}}],"collection":[{"href":"https:\/\/agora.xtec.cat\/escolamestralvilanova\/wp-json\/wp\/v2\/posts"}],"about":[{"href":"https:\/\/agora.xtec.cat\/escolamestralvilanova\/wp-json\/wp\/v2\/types\/post"}],"author":[{"embeddable":true,"href":"https:\/\/agora.xtec.cat\/escolamestralvilanova\/wp-json\/wp\/v2\/users\/1"}],"replies":[{"embeddable":true,"href":"https:\/\/agora.xtec.cat\/escolamestralvilanova\/wp-json\/wp\/v2\/comments?post=5109"}],"version-history":[{"count":1,"href":"https:\/\/agora.xtec.cat\/escolamestralvilanova\/wp-json\/wp\/v2\/posts\/5109\/revisions"}],"predecessor-version":[{"id":5111,"href":"https:\/\/agora.xtec.cat\/escolamestralvilanova\/wp-json\/wp\/v2\/posts\/5109\/revisions\/5111"}],"wp:attachment":[{"href":"https:\/\/agora.xtec.cat\/escolamestralvilanova\/wp-json\/wp\/v2\/media?parent=5109"}],"wp:term":[{"taxonomy":"category","embeddable":true,"href":"https:\/\/agora.xtec.cat\/escolamestralvilanova\/wp-json\/wp\/v2\/categories?post=5109"},{"taxonomy":"post_tag","embeddable":true,"href":"https:\/\/agora.xtec.cat\/escolamestralvilanova\/wp-json\/wp\/v2\/tags?post=5109"}],"curies":[{"name":"wp","href":"https:\/\/api.w.org\/{rel}","templated":true}]}}