{"id":5105,"date":"2021-04-14T16:43:17","date_gmt":"2021-04-14T14:43:17","guid":{"rendered":"http:\/\/agora.xtec.cat\/escolamestralvilanova\/?p=5105"},"modified":"2021-04-14T16:43:41","modified_gmt":"2021-04-14T14:43:41","slug":"minimon-primavera","status":"publish","type":"post","link":"https:\/\/agora.xtec.cat\/escolamestralvilanova\/infantil\/minimon-primavera\/","title":{"rendered":"MINIMON PRIMAVERA"},"content":{"rendered":"<p style=\"text-align: justify;\">Mireu quin escenari m\u00e9s primaverenc s&#8217;han trobat els infants de l&#8217;escoleta: amb animalets, flors, pedres, ponts de colors, arbres&#8230;<img decoding=\"async\" class=\"CToWUd\" src=\"https:\/\/mail.google.com\/mail\/e\/1f338\" alt=\"\ud83c\udf38\" data-goomoji=\"1f338\" data-image-whitelisted=\"\" \/><img decoding=\"async\" class=\"CToWUd\" src=\"https:\/\/mail.google.com\/mail\/e\/1f41e\" alt=\"\ud83d\udc1e\" data-goomoji=\"1f41e\" data-image-whitelisted=\"\" \/><\/p>\n<p style=\"text-align: justify;\">A m\u00e9s, hem trobat una llagosta al pati i l&#8217;hem entrat una estona a l&#8217;aula, que alt saltava, ens ho hem passat d&#8217;all\u00f2 m\u00e9s b\u00e9!<\/p>\n<ul>\n<li><a href=\"https:\/\/photos.app.goo.gl\/PbkBJNHE1PLkGX7X6\">ENLLA\u00c7 A LES FOTOGRAFIES<\/a><\/li>\n<\/ul>\n<p><a href=\"https:\/\/photos.app.goo.gl\/PbkBJNHE1PLkGX7X6\"><img loading=\"lazy\" decoding=\"async\" class=\"alignnone size-medium wp-image-5106\" src=\"https:\/\/agora.xtec.cat\/escolamestralvilanova\/wp-content\/uploads\/usu729\/2021\/04\/original_7a9421e6-e52a-46c8-981f-a16623ab746b_IMG_20210414_085055-300x199.jpg\" alt=\"\" width=\"300\" height=\"199\" srcset=\"https:\/\/agora.xtec.cat\/escolamestralvilanova\/wp-content\/uploads\/usu729\/2021\/04\/original_7a9421e6-e52a-46c8-981f-a16623ab746b_IMG_20210414_085055-300x199.jpg 300w, https:\/\/agora.xtec.cat\/escolamestralvilanova\/wp-content\/uploads\/usu729\/2021\/04\/original_7a9421e6-e52a-46c8-981f-a16623ab746b_IMG_20210414_085055-768x509.jpg 768w, https:\/\/agora.xtec.cat\/escolamestralvilanova\/wp-content\/uploads\/usu729\/2021\/04\/original_7a9421e6-e52a-46c8-981f-a16623ab746b_IMG_20210414_085055-1024x679.jpg 1024w\" sizes=\"auto, (max-width: 300px) 100vw, 300px\" \/><\/a><\/p>\n","protected":false},"excerpt":{"rendered":"<p>Mireu quin escenari m\u00e9s primaverenc s&#8217;han trobat els infants de l&#8217;escoleta: amb animalets, flors, pedres, ponts de colors, arbres&#8230;<br \/>\nA m\u00e9s, hem trobat una llagosta al pati i l&#8217;hem entrat una estona a l&#8217;aula, que alt saltava, ens ho hem passat d&#8217;all\u00f2 m\u00e9s b\u00e9!<\/p>\n<ul>\n<li><a href=\"https:\/\/photos.app.goo.gl\/PbkBJNHE1PLkGX7X6\">ENLLA\u00c7 A&hellip;  <a href=\"https:\/\/agora.xtec.cat\/escolamestralvilanova\/infantil\/minimon-primavera\/\" title=\"Read MINIMON PRIMAVERA\">Llegeix m\u00e9s\u00bb<\/a><br \/>\n","protected":false},"author":1,"featured_media":0,"comment_status":"open","ping_status":"closed","sticky":false,"template":"","format":"standard","meta":{"_bbp_topic_count":0,"_bbp_reply_count":0,"_bbp_total_topic_count":0,"_bbp_total_reply_count":0,"_bbp_voice_count":0,"_bbp_anonymous_reply_count":0,"_bbp_topic_count_hidden":0,"_bbp_reply_count_hidden":0,"_bbp_forum_subforum_count":0,"footnotes":""},"categories":[14,59,2,4],"tags":[],"class_list":["post-5105","post","type-post","status-publish","format-standard","hentry","category-ei1-ei2","category-primer-cicle-ed-infantil","category-infantil","category-portada"],"post_mailing_queue_ids":[],"_links":{"self":[{"href":"https:\/\/agora.xtec.cat\/escolamestralvilanova\/wp-json\/wp\/v2\/posts\/5105","targetHints":{"allow":["GET"]}}],"collection":[{"href":"https:\/\/agora.xtec.cat\/escolamestralvilanova\/wp-json\/wp\/v2\/posts"}],"about":[{"href":"https:\/\/agora.xtec.cat\/escolamestralvilanova\/wp-json\/wp\/v2\/types\/post"}],"author":[{"embeddable":true,"href":"https:\/\/agora.xtec.cat\/escolamestralvilanova\/wp-json\/wp\/v2\/users\/1"}],"replies":[{"embeddable":true,"href":"https:\/\/agora.xtec.cat\/escolamestralvilanova\/wp-json\/wp\/v2\/comments?post=5105"}],"version-history":[{"count":2,"href":"https:\/\/agora.xtec.cat\/escolamestralvilanova\/wp-json\/wp\/v2\/posts\/5105\/revisions"}],"predecessor-version":[{"id":5108,"href":"https:\/\/agora.xtec.cat\/escolamestralvilanova\/wp-json\/wp\/v2\/posts\/5105\/revisions\/5108"}],"wp:attachment":[{"href":"https:\/\/agora.xtec.cat\/escolamestralvilanova\/wp-json\/wp\/v2\/media?parent=5105"}],"wp:term":[{"taxonomy":"category","embeddable":true,"href":"https:\/\/agora.xtec.cat\/escolamestralvilanova\/wp-json\/wp\/v2\/categories?post=5105"},{"taxonomy":"post_tag","embeddable":true,"href":"https:\/\/agora.xtec.cat\/escolamestralvilanova\/wp-json\/wp\/v2\/tags?post=5105"}],"curies":[{"name":"wp","href":"https:\/\/api.w.org\/{rel}","templated":true}]}}