{"id":5088,"date":"2021-04-12T17:14:18","date_gmt":"2021-04-12T15:14:18","guid":{"rendered":"http:\/\/agora.xtec.cat\/escolamestralvilanova\/?p=5088"},"modified":"2021-04-12T17:14:33","modified_gmt":"2021-04-12T15:14:33","slug":"mes-experiencies-en-familia-2","status":"publish","type":"post","link":"https:\/\/agora.xtec.cat\/escolamestralvilanova\/infantil\/mes-experiencies-en-familia-2\/","title":{"rendered":"M\u00c9S EXPERI\u00c8NCIES EN FAM\u00cdLIA"},"content":{"rendered":"<p style=\"text-align: justify;\">Avui la Gala Mars\u00e0 ens ha portat fotos explicant el seu cap de setmana en el qual va jugar amb una amiga, va fer un past\u00eds amb els pares, va visitar un lloro&#8230;<br \/>\nI tamb\u00e9 ens ha portat ous de les gallines dels padrins, els quals hem manipulat de valent a la taula d&#8217;experimentaci\u00f3 junt amb altres estris!<\/p>\n<p>A m\u00e9s, l&#8217;\u00cfu ens ha portat uns potets molt primaverals fets amb sal de colors i flors!<\/p>\n<p>Moltes gr\u00e0cies fam\u00edlies!<\/p>\n<ul>\n<li style=\"text-align: justify;\"><a href=\"https:\/\/photos.app.goo.gl\/w4yfLnn1AJfTaydJ6\">ENLLA\u00c7 A LES FOTOGRAFIES<\/a><\/li>\n<\/ul>\n<p><a href=\"https:\/\/photos.app.goo.gl\/w4yfLnn1AJfTaydJ6\"><img loading=\"lazy\" decoding=\"async\" class=\"alignnone size-medium wp-image-5089\" src=\"https:\/\/agora.xtec.cat\/escolamestralvilanova\/wp-content\/uploads\/usu729\/2021\/04\/IMG_20210412_102141-186x300.jpg\" alt=\"\" width=\"186\" height=\"300\" srcset=\"https:\/\/agora.xtec.cat\/escolamestralvilanova\/wp-content\/uploads\/usu729\/2021\/04\/IMG_20210412_102141-186x300.jpg 186w, https:\/\/agora.xtec.cat\/escolamestralvilanova\/wp-content\/uploads\/usu729\/2021\/04\/IMG_20210412_102141-768x1239.jpg 768w, https:\/\/agora.xtec.cat\/escolamestralvilanova\/wp-content\/uploads\/usu729\/2021\/04\/IMG_20210412_102141-635x1024.jpg 635w\" sizes=\"auto, (max-width: 186px) 100vw, 186px\" \/><\/a><\/p>\n","protected":false},"excerpt":{"rendered":"<p>Avui la Gala Mars\u00e0 ens ha portat fotos explicant el seu cap de setmana en el qual va jugar amb una amiga, va fer un past\u00eds amb els pares, va visitar un lloro&#8230;<br \/>\nI tamb\u00e9 ens ha portat ous de les gallines dels padrins, els quals&hellip;  <a href=\"https:\/\/agora.xtec.cat\/escolamestralvilanova\/infantil\/mes-experiencies-en-familia-2\/\" title=\"Read M\u00c9S EXPERI\u00c8NCIES EN FAM\u00cdLIA\">Llegeix m\u00e9s\u00bb<\/a><\/p>\n","protected":false},"author":1,"featured_media":0,"comment_status":"open","ping_status":"closed","sticky":false,"template":"","format":"standard","meta":{"_bbp_topic_count":0,"_bbp_reply_count":0,"_bbp_total_topic_count":0,"_bbp_total_reply_count":0,"_bbp_voice_count":0,"_bbp_anonymous_reply_count":0,"_bbp_topic_count_hidden":0,"_bbp_reply_count_hidden":0,"_bbp_forum_subforum_count":0,"footnotes":""},"categories":[14,59,2,4],"tags":[],"class_list":["post-5088","post","type-post","status-publish","format-standard","hentry","category-ei1-ei2","category-primer-cicle-ed-infantil","category-infantil","category-portada"],"post_mailing_queue_ids":[],"_links":{"self":[{"href":"https:\/\/agora.xtec.cat\/escolamestralvilanova\/wp-json\/wp\/v2\/posts\/5088","targetHints":{"allow":["GET"]}}],"collection":[{"href":"https:\/\/agora.xtec.cat\/escolamestralvilanova\/wp-json\/wp\/v2\/posts"}],"about":[{"href":"https:\/\/agora.xtec.cat\/escolamestralvilanova\/wp-json\/wp\/v2\/types\/post"}],"author":[{"embeddable":true,"href":"https:\/\/agora.xtec.cat\/escolamestralvilanova\/wp-json\/wp\/v2\/users\/1"}],"replies":[{"embeddable":true,"href":"https:\/\/agora.xtec.cat\/escolamestralvilanova\/wp-json\/wp\/v2\/comments?post=5088"}],"version-history":[{"count":3,"href":"https:\/\/agora.xtec.cat\/escolamestralvilanova\/wp-json\/wp\/v2\/posts\/5088\/revisions"}],"predecessor-version":[{"id":5092,"href":"https:\/\/agora.xtec.cat\/escolamestralvilanova\/wp-json\/wp\/v2\/posts\/5088\/revisions\/5092"}],"wp:attachment":[{"href":"https:\/\/agora.xtec.cat\/escolamestralvilanova\/wp-json\/wp\/v2\/media?parent=5088"}],"wp:term":[{"taxonomy":"category","embeddable":true,"href":"https:\/\/agora.xtec.cat\/escolamestralvilanova\/wp-json\/wp\/v2\/categories?post=5088"},{"taxonomy":"post_tag","embeddable":true,"href":"https:\/\/agora.xtec.cat\/escolamestralvilanova\/wp-json\/wp\/v2\/tags?post=5088"}],"curies":[{"name":"wp","href":"https:\/\/api.w.org\/{rel}","templated":true}]}}