{"id":5064,"date":"2021-04-09T16:04:48","date_gmt":"2021-04-09T14:04:48","guid":{"rendered":"http:\/\/agora.xtec.cat\/escolamestralvilanova\/?p=5064"},"modified":"2021-04-09T16:05:00","modified_gmt":"2021-04-09T14:05:00","slug":"divendres-de-fruita-i-psicomotricitat","status":"publish","type":"post","link":"https:\/\/agora.xtec.cat\/escolamestralvilanova\/infantil\/divendres-de-fruita-i-psicomotricitat\/","title":{"rendered":"DIVENDRES DE FRUITA I PSICOMOTRICITAT"},"content":{"rendered":"<p style=\"text-align: justify;\">Com ja sabeu, avui \u00e9s dia de fruita i moure el cos a l&#8217;escoleta!\u00a0<img decoding=\"async\" class=\"CToWUd\" src=\"https:\/\/mail.google.com\/mail\/e\/1f34c\" alt=\"\ud83c\udf4c\" data-goomoji=\"1f34c\" data-image-whitelisted=\"\" \/>\ud83e\udd38<br \/>\nMireu quines fruites m\u00e9s bones hem menjat avui! Les hem anat identificant i enganxant al panell! Tamb\u00e9 hem ballat la can\u00e7\u00f3: &#8220;Fruites i verdures&#8221; de la D\u00e0maris Gelabert!<br \/>\nUn cop hem acabat d&#8217;esmorzar, amb molta energia, hem fet psicomotricitat amb peces d&#8217;escuma!<br \/>\nBon cap de setmana fam\u00edlies!<\/p>\n<ul>\n<li><a href=\"https:\/\/photos.app.goo.gl\/tgG9K4iYbVRZ2aDi6\">ENLLA\u00c7 A LES FOTOGRAFIES<\/a><\/li>\n<\/ul>\n<p><a href=\"https:\/\/photos.app.goo.gl\/tgG9K4iYbVRZ2aDi6\"><img loading=\"lazy\" decoding=\"async\" class=\"alignnone size-medium wp-image-5065\" src=\"https:\/\/agora.xtec.cat\/escolamestralvilanova\/wp-content\/uploads\/usu729\/2021\/04\/IMG_20210409_093828-289x300.jpg\" alt=\"\" width=\"289\" height=\"300\" srcset=\"https:\/\/agora.xtec.cat\/escolamestralvilanova\/wp-content\/uploads\/usu729\/2021\/04\/IMG_20210409_093828-289x300.jpg 289w, https:\/\/agora.xtec.cat\/escolamestralvilanova\/wp-content\/uploads\/usu729\/2021\/04\/IMG_20210409_093828-768x796.jpg 768w, https:\/\/agora.xtec.cat\/escolamestralvilanova\/wp-content\/uploads\/usu729\/2021\/04\/IMG_20210409_093828-987x1024.jpg 987w\" sizes=\"auto, (max-width: 289px) 100vw, 289px\" \/><\/a><\/p>\n","protected":false},"excerpt":{"rendered":"<p>Com ja sabeu, avui \u00e9s dia de fruita i moure el cos a l&#8217;escoleta!\u00a0\ud83e\udd38<br \/>\nMireu quines fruites m\u00e9s bones hem menjat avui! Les hem anat identificant i enganxant al panell! Tamb\u00e9 hem ballat la can\u00e7\u00f3: &#8220;Fruites i verdures&#8221; de la D\u00e0maris Gelabert!<br \/>\nUn cop hem acabat d&#8217;esmorzar,&hellip;  <a href=\"https:\/\/agora.xtec.cat\/escolamestralvilanova\/infantil\/divendres-de-fruita-i-psicomotricitat\/\" title=\"Read DIVENDRES DE FRUITA I PSICOMOTRICITAT\">Llegeix m\u00e9s\u00bb<\/a><\/p>\n","protected":false},"author":1,"featured_media":0,"comment_status":"open","ping_status":"closed","sticky":false,"template":"","format":"standard","meta":{"_bbp_topic_count":0,"_bbp_reply_count":0,"_bbp_total_topic_count":0,"_bbp_total_reply_count":0,"_bbp_voice_count":0,"_bbp_anonymous_reply_count":0,"_bbp_topic_count_hidden":0,"_bbp_reply_count_hidden":0,"_bbp_forum_subforum_count":0,"footnotes":""},"categories":[14,59,2,4],"tags":[],"class_list":["post-5064","post","type-post","status-publish","format-standard","hentry","category-ei1-ei2","category-primer-cicle-ed-infantil","category-infantil","category-portada"],"post_mailing_queue_ids":[],"_links":{"self":[{"href":"https:\/\/agora.xtec.cat\/escolamestralvilanova\/wp-json\/wp\/v2\/posts\/5064","targetHints":{"allow":["GET"]}}],"collection":[{"href":"https:\/\/agora.xtec.cat\/escolamestralvilanova\/wp-json\/wp\/v2\/posts"}],"about":[{"href":"https:\/\/agora.xtec.cat\/escolamestralvilanova\/wp-json\/wp\/v2\/types\/post"}],"author":[{"embeddable":true,"href":"https:\/\/agora.xtec.cat\/escolamestralvilanova\/wp-json\/wp\/v2\/users\/1"}],"replies":[{"embeddable":true,"href":"https:\/\/agora.xtec.cat\/escolamestralvilanova\/wp-json\/wp\/v2\/comments?post=5064"}],"version-history":[{"count":2,"href":"https:\/\/agora.xtec.cat\/escolamestralvilanova\/wp-json\/wp\/v2\/posts\/5064\/revisions"}],"predecessor-version":[{"id":5067,"href":"https:\/\/agora.xtec.cat\/escolamestralvilanova\/wp-json\/wp\/v2\/posts\/5064\/revisions\/5067"}],"wp:attachment":[{"href":"https:\/\/agora.xtec.cat\/escolamestralvilanova\/wp-json\/wp\/v2\/media?parent=5064"}],"wp:term":[{"taxonomy":"category","embeddable":true,"href":"https:\/\/agora.xtec.cat\/escolamestralvilanova\/wp-json\/wp\/v2\/categories?post=5064"},{"taxonomy":"post_tag","embeddable":true,"href":"https:\/\/agora.xtec.cat\/escolamestralvilanova\/wp-json\/wp\/v2\/tags?post=5064"}],"curies":[{"name":"wp","href":"https:\/\/api.w.org\/{rel}","templated":true}]}}