{"id":5060,"date":"2021-04-09T13:16:09","date_gmt":"2021-04-09T11:16:09","guid":{"rendered":"http:\/\/agora.xtec.cat\/escolamestralvilanova\/?p=5060"},"modified":"2021-04-09T13:16:37","modified_gmt":"2021-04-09T11:16:37","slug":"treballem-la-terra-de-lhort-3","status":"publish","type":"post","link":"https:\/\/agora.xtec.cat\/escolamestralvilanova\/portada\/treballem-la-terra-de-lhort-3\/","title":{"rendered":"TREBALLEM LA TERRA DE L&#8217;HORT"},"content":{"rendered":"<p style=\"text-align: justify;\">Durant els darrers dies els nens i nenes de sis\u00e8 hem estat treballant la terra de l&#8217;hort per tal de poder-hi plantar. Tamb\u00e9 hem rebut l&#8217;ajuda dels nens i nenes de primer&#8230; Moltes gr\u00e0cies!<\/p>\n<p>Ens agrada molt!<\/p>\n<ul>\n<li><a href=\"https:\/\/photos.app.goo.gl\/HrMJ25mLpNKSSmpR6\">ENLLA\u00c7 A LES FOTOGRAFIES<\/a><\/li>\n<\/ul>\n<p><a href=\"https:\/\/photos.app.goo.gl\/HrMJ25mLpNKSSmpR6\"><img loading=\"lazy\" decoding=\"async\" class=\"alignnone size-medium wp-image-5061\" src=\"https:\/\/agora.xtec.cat\/escolamestralvilanova\/wp-content\/uploads\/usu729\/2021\/04\/IMG_8897-300x225.jpg\" alt=\"\" width=\"300\" height=\"225\" srcset=\"https:\/\/agora.xtec.cat\/escolamestralvilanova\/wp-content\/uploads\/usu729\/2021\/04\/IMG_8897-300x225.jpg 300w, https:\/\/agora.xtec.cat\/escolamestralvilanova\/wp-content\/uploads\/usu729\/2021\/04\/IMG_8897-200x150.jpg 200w, https:\/\/agora.xtec.cat\/escolamestralvilanova\/wp-content\/uploads\/usu729\/2021\/04\/IMG_8897.jpg 640w\" sizes=\"auto, (max-width: 300px) 100vw, 300px\" \/><\/a><\/p>\n","protected":false},"excerpt":{"rendered":"<p>Durant els darrers dies els nens i nenes de sis\u00e8 hem estat treballant la terra de l&#8217;hort per tal de poder-hi plantar. Tamb\u00e9 hem rebut l&#8217;ajuda dels nens i nenes de primer&#8230; Moltes gr\u00e0cies!<br \/>\nEns agrada molt!<\/p>\n<ul>\n<li><a href=\"https:\/\/photos.app.goo.gl\/HrMJ25mLpNKSSmpR6\">ENLLA\u00c7 A LES FOTOGRAFIES<\/a><\/li>\n<\/ul>\n<p><a href=\"https:\/\/photos.app.goo.gl\/HrMJ25mLpNKSSmpR6\"><\/a><\/p>\n","protected":false},"author":1,"featured_media":0,"comment_status":"open","ping_status":"closed","sticky":false,"template":"","format":"standard","meta":{"_bbp_topic_count":0,"_bbp_reply_count":0,"_bbp_total_topic_count":0,"_bbp_total_reply_count":0,"_bbp_voice_count":0,"_bbp_anonymous_reply_count":0,"_bbp_topic_count_hidden":0,"_bbp_reply_count_hidden":0,"_bbp_forum_subforum_count":0,"footnotes":""},"categories":[15,4,5],"tags":[],"class_list":["post-5060","post","type-post","status-publish","format-standard","hentry","category-cicle-superior","category-portada","category-primaria"],"post_mailing_queue_ids":[],"_links":{"self":[{"href":"https:\/\/agora.xtec.cat\/escolamestralvilanova\/wp-json\/wp\/v2\/posts\/5060","targetHints":{"allow":["GET"]}}],"collection":[{"href":"https:\/\/agora.xtec.cat\/escolamestralvilanova\/wp-json\/wp\/v2\/posts"}],"about":[{"href":"https:\/\/agora.xtec.cat\/escolamestralvilanova\/wp-json\/wp\/v2\/types\/post"}],"author":[{"embeddable":true,"href":"https:\/\/agora.xtec.cat\/escolamestralvilanova\/wp-json\/wp\/v2\/users\/1"}],"replies":[{"embeddable":true,"href":"https:\/\/agora.xtec.cat\/escolamestralvilanova\/wp-json\/wp\/v2\/comments?post=5060"}],"version-history":[{"count":2,"href":"https:\/\/agora.xtec.cat\/escolamestralvilanova\/wp-json\/wp\/v2\/posts\/5060\/revisions"}],"predecessor-version":[{"id":5063,"href":"https:\/\/agora.xtec.cat\/escolamestralvilanova\/wp-json\/wp\/v2\/posts\/5060\/revisions\/5063"}],"wp:attachment":[{"href":"https:\/\/agora.xtec.cat\/escolamestralvilanova\/wp-json\/wp\/v2\/media?parent=5060"}],"wp:term":[{"taxonomy":"category","embeddable":true,"href":"https:\/\/agora.xtec.cat\/escolamestralvilanova\/wp-json\/wp\/v2\/categories?post=5060"},{"taxonomy":"post_tag","embeddable":true,"href":"https:\/\/agora.xtec.cat\/escolamestralvilanova\/wp-json\/wp\/v2\/tags?post=5060"}],"curies":[{"name":"wp","href":"https:\/\/api.w.org\/{rel}","templated":true}]}}