{"id":5046,"date":"2021-04-08T19:03:04","date_gmt":"2021-04-08T17:03:04","guid":{"rendered":"http:\/\/agora.xtec.cat\/escolamestralvilanova\/?p=5046"},"modified":"2021-04-08T19:03:17","modified_gmt":"2021-04-08T17:03:17","slug":"bufem","status":"publish","type":"post","link":"https:\/\/agora.xtec.cat\/escolamestralvilanova\/infantil\/bufem\/","title":{"rendered":"BUFEM!"},"content":{"rendered":"<div class=\"gs\">\n<div class=\"\">\n<div id=\":or\" class=\"ii gt\">\n<div id=\":oq\" class=\"a3s aiL \">\n<p style=\"text-align: justify;\">Aquesta setmana hem introdu\u00eft un nou material per estimular el llenguatge a trav\u00e9s del bufament. Es tracta de bufar pilotes per dins d&#8217;un tub de cartr\u00f3, de manera que aquestes caiguin dins de la capseta. Com ens ha agradat, poc a poc anem bufant amb m\u00e9s for\u00e7a! <img decoding=\"async\" class=\"CToWUd\" src=\"https:\/\/mail.google.com\/mail\/e\/1f32c\" alt=\"\ud83c\udf2c\" data-goomoji=\"1f32c\" data-image-whitelisted=\"\" \/><\/p>\n<ul>\n<li style=\"text-align: justify;\"><a href=\"https:\/\/photos.app.goo.gl\/oKTdshGUBQvxqdvY9\">ENLLA\u00c7 A LES FOTOGRAFIES<\/a><\/li>\n<\/ul>\n<\/div>\n<\/div>\n<div class=\"hi\"><a href=\"https:\/\/photos.app.goo.gl\/oKTdshGUBQvxqdvY9\"><img loading=\"lazy\" decoding=\"async\" class=\"alignnone size-medium wp-image-5047\" src=\"https:\/\/agora.xtec.cat\/escolamestralvilanova\/wp-content\/uploads\/usu729\/2021\/04\/IMG_20210408_103406-300x169.jpg\" alt=\"\" width=\"300\" height=\"169\" srcset=\"https:\/\/agora.xtec.cat\/escolamestralvilanova\/wp-content\/uploads\/usu729\/2021\/04\/IMG_20210408_103406-300x169.jpg 300w, https:\/\/agora.xtec.cat\/escolamestralvilanova\/wp-content\/uploads\/usu729\/2021\/04\/IMG_20210408_103406-768x432.jpg 768w, https:\/\/agora.xtec.cat\/escolamestralvilanova\/wp-content\/uploads\/usu729\/2021\/04\/IMG_20210408_103406-1024x576.jpg 1024w\" sizes=\"auto, (max-width: 300px) 100vw, 300px\" \/><\/a><\/div>\n<\/div>\n<\/div>\n","protected":false},"excerpt":{"rendered":"<p>Aquesta setmana hem introdu\u00eft un nou material per estimular el llenguatge a trav\u00e9s del bufament. Es tracta de bufar pilotes per dins d&#8217;un tub de cartr\u00f3, de manera que aquestes caiguin dins de la capseta. Com ens ha agradat, poc a poc anem bufant amb&hellip;  <a href=\"https:\/\/agora.xtec.cat\/escolamestralvilanova\/infantil\/bufem\/\" title=\"Read BUFEM!\">Llegeix m\u00e9s\u00bb<\/a><\/p>\n","protected":false},"author":1,"featured_media":0,"comment_status":"open","ping_status":"closed","sticky":false,"template":"","format":"standard","meta":{"_bbp_topic_count":0,"_bbp_reply_count":0,"_bbp_total_topic_count":0,"_bbp_total_reply_count":0,"_bbp_voice_count":0,"_bbp_anonymous_reply_count":0,"_bbp_topic_count_hidden":0,"_bbp_reply_count_hidden":0,"_bbp_forum_subforum_count":0,"footnotes":""},"categories":[14,59,2,4],"tags":[],"class_list":["post-5046","post","type-post","status-publish","format-standard","hentry","category-ei1-ei2","category-primer-cicle-ed-infantil","category-infantil","category-portada"],"post_mailing_queue_ids":[],"_links":{"self":[{"href":"https:\/\/agora.xtec.cat\/escolamestralvilanova\/wp-json\/wp\/v2\/posts\/5046","targetHints":{"allow":["GET"]}}],"collection":[{"href":"https:\/\/agora.xtec.cat\/escolamestralvilanova\/wp-json\/wp\/v2\/posts"}],"about":[{"href":"https:\/\/agora.xtec.cat\/escolamestralvilanova\/wp-json\/wp\/v2\/types\/post"}],"author":[{"embeddable":true,"href":"https:\/\/agora.xtec.cat\/escolamestralvilanova\/wp-json\/wp\/v2\/users\/1"}],"replies":[{"embeddable":true,"href":"https:\/\/agora.xtec.cat\/escolamestralvilanova\/wp-json\/wp\/v2\/comments?post=5046"}],"version-history":[{"count":2,"href":"https:\/\/agora.xtec.cat\/escolamestralvilanova\/wp-json\/wp\/v2\/posts\/5046\/revisions"}],"predecessor-version":[{"id":5049,"href":"https:\/\/agora.xtec.cat\/escolamestralvilanova\/wp-json\/wp\/v2\/posts\/5046\/revisions\/5049"}],"wp:attachment":[{"href":"https:\/\/agora.xtec.cat\/escolamestralvilanova\/wp-json\/wp\/v2\/media?parent=5046"}],"wp:term":[{"taxonomy":"category","embeddable":true,"href":"https:\/\/agora.xtec.cat\/escolamestralvilanova\/wp-json\/wp\/v2\/categories?post=5046"},{"taxonomy":"post_tag","embeddable":true,"href":"https:\/\/agora.xtec.cat\/escolamestralvilanova\/wp-json\/wp\/v2\/tags?post=5046"}],"curies":[{"name":"wp","href":"https:\/\/api.w.org\/{rel}","templated":true}]}}