{"id":4999,"date":"2021-03-19T16:08:08","date_gmt":"2021-03-19T15:08:08","guid":{"rendered":"http:\/\/agora.xtec.cat\/escolamestralvilanova\/?p=4999"},"modified":"2021-03-19T16:08:18","modified_gmt":"2021-03-19T15:08:18","slug":"psicomotricitat-i-tracos","status":"publish","type":"post","link":"https:\/\/agora.xtec.cat\/escolamestralvilanova\/infantil\/psicomotricitat-i-tracos\/","title":{"rendered":"PSICOMOTRICITAT I TRA\u00c7OS"},"content":{"rendered":"<div class=\"gs\">\n<div class=\"\">\n<div id=\":vh\" class=\"ii gt\">\n<div id=\":vg\" class=\"a3s aiL \">\n<p>Avui continuem treballant el tra\u00e7 a l&#8217;escoleta. Aquest cop movent el cos i caminant sobre diferents tipus de tra\u00e7os de diferents colors fets amb cinta, tot treballant l&#8217;equilibri i la coordinaci\u00f3 visual-espaial!<br \/>\nTamb\u00e9 hi hem passat boletes per sobre, i, per \u00faltim, hem arrencat la cinta del terra, aix\u00f2 \u00e9s el que m\u00e9s els hi ha agradat!\u00a0<img decoding=\"async\" class=\"CToWUd\" src=\"https:\/\/mail.google.com\/mail\/e\/1f3c3\" alt=\"\ud83c\udfc3\" data-goomoji=\"1f3c3\" data-image-whitelisted=\"\" \/><\/p>\n<ul>\n<li><a href=\"https:\/\/photos.app.goo.gl\/Njy1GiZnVPMTfNb89\">ENLLA\u00c7 A LES FOTOGRAFIES<\/a>\n<div class=\"yj6qo\"><a href=\"https:\/\/photos.app.goo.gl\/Njy1GiZnVPMTfNb89\"><img loading=\"lazy\" decoding=\"async\" class=\"alignnone size-medium wp-image-5000\" src=\"https:\/\/agora.xtec.cat\/escolamestralvilanova\/wp-content\/uploads\/usu729\/2021\/03\/IMG_20210319_100217-300x275.jpg\" alt=\"\" width=\"300\" height=\"275\" srcset=\"https:\/\/agora.xtec.cat\/escolamestralvilanova\/wp-content\/uploads\/usu729\/2021\/03\/IMG_20210319_100217-300x275.jpg 300w, https:\/\/agora.xtec.cat\/escolamestralvilanova\/wp-content\/uploads\/usu729\/2021\/03\/IMG_20210319_100217-768x703.jpg 768w, https:\/\/agora.xtec.cat\/escolamestralvilanova\/wp-content\/uploads\/usu729\/2021\/03\/IMG_20210319_100217-1024x938.jpg 1024w\" sizes=\"auto, (max-width: 300px) 100vw, 300px\" \/><\/a><\/div>\n<div class=\"adL\"><\/div>\n<\/li>\n<\/ul>\n<\/div>\n<\/div>\n<div class=\"hi\"><\/div>\n<\/div>\n<\/div>\n","protected":false},"excerpt":{"rendered":"<p>Avui continuem treballant el tra\u00e7 a l&#8217;escoleta. Aquest cop movent el cos i caminant sobre diferents tipus de tra\u00e7os de diferents colors fets amb cinta, tot treballant l&#8217;equilibri i la coordinaci\u00f3 visual-espaial!<br \/>\nTamb\u00e9 hi hem passat boletes per sobre, i, per \u00faltim, hem arrencat la cinta&hellip;  <a href=\"https:\/\/agora.xtec.cat\/escolamestralvilanova\/infantil\/psicomotricitat-i-tracos\/\" title=\"Read PSICOMOTRICITAT I TRA\u00c7OS\">Llegeix m\u00e9s\u00bb<\/a><\/p>\n","protected":false},"author":1,"featured_media":0,"comment_status":"open","ping_status":"closed","sticky":false,"template":"","format":"standard","meta":{"_bbp_topic_count":0,"_bbp_reply_count":0,"_bbp_total_topic_count":0,"_bbp_total_reply_count":0,"_bbp_voice_count":0,"_bbp_anonymous_reply_count":0,"_bbp_topic_count_hidden":0,"_bbp_reply_count_hidden":0,"_bbp_forum_subforum_count":0,"footnotes":""},"categories":[14,59,2,4],"tags":[],"class_list":["post-4999","post","type-post","status-publish","format-standard","hentry","category-ei1-ei2","category-primer-cicle-ed-infantil","category-infantil","category-portada"],"post_mailing_queue_ids":[],"_links":{"self":[{"href":"https:\/\/agora.xtec.cat\/escolamestralvilanova\/wp-json\/wp\/v2\/posts\/4999","targetHints":{"allow":["GET"]}}],"collection":[{"href":"https:\/\/agora.xtec.cat\/escolamestralvilanova\/wp-json\/wp\/v2\/posts"}],"about":[{"href":"https:\/\/agora.xtec.cat\/escolamestralvilanova\/wp-json\/wp\/v2\/types\/post"}],"author":[{"embeddable":true,"href":"https:\/\/agora.xtec.cat\/escolamestralvilanova\/wp-json\/wp\/v2\/users\/1"}],"replies":[{"embeddable":true,"href":"https:\/\/agora.xtec.cat\/escolamestralvilanova\/wp-json\/wp\/v2\/comments?post=4999"}],"version-history":[{"count":2,"href":"https:\/\/agora.xtec.cat\/escolamestralvilanova\/wp-json\/wp\/v2\/posts\/4999\/revisions"}],"predecessor-version":[{"id":5002,"href":"https:\/\/agora.xtec.cat\/escolamestralvilanova\/wp-json\/wp\/v2\/posts\/4999\/revisions\/5002"}],"wp:attachment":[{"href":"https:\/\/agora.xtec.cat\/escolamestralvilanova\/wp-json\/wp\/v2\/media?parent=4999"}],"wp:term":[{"taxonomy":"category","embeddable":true,"href":"https:\/\/agora.xtec.cat\/escolamestralvilanova\/wp-json\/wp\/v2\/categories?post=4999"},{"taxonomy":"post_tag","embeddable":true,"href":"https:\/\/agora.xtec.cat\/escolamestralvilanova\/wp-json\/wp\/v2\/tags?post=4999"}],"curies":[{"name":"wp","href":"https:\/\/api.w.org\/{rel}","templated":true}]}}