{"id":4989,"date":"2021-03-18T16:12:15","date_gmt":"2021-03-18T15:12:15","guid":{"rendered":"http:\/\/agora.xtec.cat\/escolamestralvilanova\/?p=4989"},"modified":"2021-03-18T16:15:20","modified_gmt":"2021-03-18T15:15:20","slug":"racons-2","status":"publish","type":"post","link":"https:\/\/agora.xtec.cat\/escolamestralvilanova\/infantil\/racons-2\/","title":{"rendered":"RACONS"},"content":{"rendered":"<p>Com gaireb\u00e9 cada setmana, hem estat treballant per racons:<\/p>\n<p>-TRA\u00c7: exercitem una s\u00e8rie de tra\u00e7os amb el dit sobre l&#8217;arena, despr\u00e9s de resseguir-los amb el dit sobre cada panel sensorial. Avui hem introdu\u00eft tamb\u00e9 el tra\u00e7 de les formes geom\u00e8triques b\u00e0siques.<\/p>\n<p>-PANELLS SENSORIALS: tapem i destapem taps tot relacionant-los amb el seu color i manipulem diferents textures\ufe0f<\/p>\n<p>-CONSTRUCCIONS: ens deixem emportar per la nostra imaginaci\u00f3 i el joc simb\u00f2lic!<\/p>\n<ul>\n<li><a href=\"https:\/\/photos.app.goo.gl\/cVokstNXcxkAgjYj8\">ENLLA\u00c7 A LES FOTOGRAFIES<\/a><\/li>\n<\/ul>\n<p><a href=\"https:\/\/photos.app.goo.gl\/cVokstNXcxkAgjYj8\"><img loading=\"lazy\" decoding=\"async\" class=\"alignnone size-medium wp-image-4990\" src=\"https:\/\/agora.xtec.cat\/escolamestralvilanova\/wp-content\/uploads\/usu729\/2021\/03\/IMG_20210318_102249-300x300.jpg\" alt=\"\" width=\"300\" height=\"300\" srcset=\"https:\/\/agora.xtec.cat\/escolamestralvilanova\/wp-content\/uploads\/usu729\/2021\/03\/IMG_20210318_102249-300x300.jpg 300w, https:\/\/agora.xtec.cat\/escolamestralvilanova\/wp-content\/uploads\/usu729\/2021\/03\/IMG_20210318_102249-150x150.jpg 150w, https:\/\/agora.xtec.cat\/escolamestralvilanova\/wp-content\/uploads\/usu729\/2021\/03\/IMG_20210318_102249-768x768.jpg 768w, https:\/\/agora.xtec.cat\/escolamestralvilanova\/wp-content\/uploads\/usu729\/2021\/03\/IMG_20210318_102249-1024x1024.jpg 1024w\" sizes=\"auto, (max-width: 300px) 100vw, 300px\" \/><\/a><\/p>\n<div class=\"yj6qo\"><\/div>\n","protected":false},"excerpt":{"rendered":"<p>Com gaireb\u00e9 cada setmana, hem estat treballant per racons:<br \/>\n-TRA\u00c7: exercitem una s\u00e8rie de tra\u00e7os amb el dit sobre l&#8217;arena, despr\u00e9s de resseguir-los amb el dit sobre cada panel sensorial. Avui hem introdu\u00eft tamb\u00e9 el tra\u00e7 de les formes geom\u00e8triques b\u00e0siques.<br \/>\n-PANELLS SENSORIALS: tapem i destapem taps&hellip;  <a href=\"https:\/\/agora.xtec.cat\/escolamestralvilanova\/infantil\/racons-2\/\" title=\"Read RACONS\">Llegeix m\u00e9s\u00bb<\/a><\/p>\n","protected":false},"author":1,"featured_media":0,"comment_status":"open","ping_status":"closed","sticky":false,"template":"","format":"standard","meta":{"_bbp_topic_count":0,"_bbp_reply_count":0,"_bbp_total_topic_count":0,"_bbp_total_reply_count":0,"_bbp_voice_count":0,"_bbp_anonymous_reply_count":0,"_bbp_topic_count_hidden":0,"_bbp_reply_count_hidden":0,"_bbp_forum_subforum_count":0,"footnotes":""},"categories":[14,59,2,4],"tags":[],"class_list":["post-4989","post","type-post","status-publish","format-standard","hentry","category-ei1-ei2","category-primer-cicle-ed-infantil","category-infantil","category-portada"],"post_mailing_queue_ids":[],"_links":{"self":[{"href":"https:\/\/agora.xtec.cat\/escolamestralvilanova\/wp-json\/wp\/v2\/posts\/4989","targetHints":{"allow":["GET"]}}],"collection":[{"href":"https:\/\/agora.xtec.cat\/escolamestralvilanova\/wp-json\/wp\/v2\/posts"}],"about":[{"href":"https:\/\/agora.xtec.cat\/escolamestralvilanova\/wp-json\/wp\/v2\/types\/post"}],"author":[{"embeddable":true,"href":"https:\/\/agora.xtec.cat\/escolamestralvilanova\/wp-json\/wp\/v2\/users\/1"}],"replies":[{"embeddable":true,"href":"https:\/\/agora.xtec.cat\/escolamestralvilanova\/wp-json\/wp\/v2\/comments?post=4989"}],"version-history":[{"count":3,"href":"https:\/\/agora.xtec.cat\/escolamestralvilanova\/wp-json\/wp\/v2\/posts\/4989\/revisions"}],"predecessor-version":[{"id":4994,"href":"https:\/\/agora.xtec.cat\/escolamestralvilanova\/wp-json\/wp\/v2\/posts\/4989\/revisions\/4994"}],"wp:attachment":[{"href":"https:\/\/agora.xtec.cat\/escolamestralvilanova\/wp-json\/wp\/v2\/media?parent=4989"}],"wp:term":[{"taxonomy":"category","embeddable":true,"href":"https:\/\/agora.xtec.cat\/escolamestralvilanova\/wp-json\/wp\/v2\/categories?post=4989"},{"taxonomy":"post_tag","embeddable":true,"href":"https:\/\/agora.xtec.cat\/escolamestralvilanova\/wp-json\/wp\/v2\/tags?post=4989"}],"curies":[{"name":"wp","href":"https:\/\/api.w.org\/{rel}","templated":true}]}}