{"id":4981,"date":"2021-03-18T13:49:48","date_gmt":"2021-03-18T12:49:48","guid":{"rendered":"http:\/\/agora.xtec.cat\/escolamestralvilanova\/?p=4981"},"modified":"2021-03-18T13:49:54","modified_gmt":"2021-03-18T12:49:54","slug":"iniciem-el-treball-amb-nomenclatures-a-primer","status":"publish","type":"post","link":"https:\/\/agora.xtec.cat\/escolamestralvilanova\/portada\/iniciem-el-treball-amb-nomenclatures-a-primer\/","title":{"rendered":"INICIEM EL TREBALL AMB NOMENCLATURES A PRIMER!"},"content":{"rendered":"<p>A primer iniciem el treball amb <strong>nomenclatures<\/strong> dins del centre d&#8217;inter\u00e8s que estem treballant dels ANIMALS.<\/p>\n<p>Las\u00a0<b>Targetes de Nomenclatura <\/b>son un\u00a0<b>material Montessori de l&#8217;\u00e0rea del llenguatge <\/b>que pretenen oferir a l&#8217;infant <b>oportunitats de llegir <\/b>paraules i textos curts on la informaci\u00f3 \u00e9s interessant i significativa per a ells.<\/p>\n<p>Aquesta eina promou l&#8217;autonomia en la lectura dels infants. Amb aquestes targetes han de llegir i aparellar la fotografia de l&#8217;animal amb el seu nom i la seva descripci\u00f3.<\/p>\n<p>Estem impacients per comen\u00e7ar!<\/p>\n<p><a href=\"https:\/\/agora.xtec.cat\/escolamestralvilanova\/wp-content\/uploads\/usu729\/2021\/03\/bona.jpg\"><img loading=\"lazy\" decoding=\"async\" class=\"alignnone wp-image-4984 size-large\" src=\"https:\/\/agora.xtec.cat\/escolamestralvilanova\/wp-content\/uploads\/usu729\/2021\/03\/bona-1024x768.jpg\" alt=\"\" width=\"1024\" height=\"768\" srcset=\"https:\/\/agora.xtec.cat\/escolamestralvilanova\/wp-content\/uploads\/usu729\/2021\/03\/bona.jpg 1024w, https:\/\/agora.xtec.cat\/escolamestralvilanova\/wp-content\/uploads\/usu729\/2021\/03\/bona-300x225.jpg 300w, https:\/\/agora.xtec.cat\/escolamestralvilanova\/wp-content\/uploads\/usu729\/2021\/03\/bona-768x576.jpg 768w, https:\/\/agora.xtec.cat\/escolamestralvilanova\/wp-content\/uploads\/usu729\/2021\/03\/bona-200x150.jpg 200w\" sizes=\"auto, (max-width: 1024px) 100vw, 1024px\" \/><\/a><\/p>\n<p>&nbsp;<\/p>\n<p>&nbsp;<\/p>\n","protected":false},"excerpt":{"rendered":"<p>A primer iniciem el treball amb nomenclatures dins del centre d&#8217;inter\u00e8s que estem treballant dels ANIMALS.<br \/>\nLas\u00a0Targetes de Nomenclatura son un\u00a0material Montessori de l&#8217;\u00e0rea del llenguatge que pretenen oferir a l&#8217;infant oportunitats de llegir paraules i textos curts on la informaci\u00f3 \u00e9s interessant i significativa per&hellip;  <a href=\"https:\/\/agora.xtec.cat\/escolamestralvilanova\/portada\/iniciem-el-treball-amb-nomenclatures-a-primer\/\" title=\"Read INICIEM EL TREBALL AMB NOMENCLATURES A PRIMER!\">Llegeix m\u00e9s\u00bb<\/a><\/p>\n","protected":false},"author":6,"featured_media":0,"comment_status":"open","ping_status":"closed","sticky":false,"template":"","format":"standard","meta":{"_bbp_topic_count":0,"_bbp_reply_count":0,"_bbp_total_topic_count":0,"_bbp_total_reply_count":0,"_bbp_voice_count":0,"_bbp_anonymous_reply_count":0,"_bbp_topic_count_hidden":0,"_bbp_reply_count_hidden":0,"_bbp_forum_subforum_count":0,"footnotes":""},"categories":[10,4,5],"tags":[],"class_list":["post-4981","post","type-post","status-publish","format-standard","hentry","category-ei5-primer","category-portada","category-primaria"],"post_mailing_queue_ids":[],"_links":{"self":[{"href":"https:\/\/agora.xtec.cat\/escolamestralvilanova\/wp-json\/wp\/v2\/posts\/4981","targetHints":{"allow":["GET"]}}],"collection":[{"href":"https:\/\/agora.xtec.cat\/escolamestralvilanova\/wp-json\/wp\/v2\/posts"}],"about":[{"href":"https:\/\/agora.xtec.cat\/escolamestralvilanova\/wp-json\/wp\/v2\/types\/post"}],"author":[{"embeddable":true,"href":"https:\/\/agora.xtec.cat\/escolamestralvilanova\/wp-json\/wp\/v2\/users\/6"}],"replies":[{"embeddable":true,"href":"https:\/\/agora.xtec.cat\/escolamestralvilanova\/wp-json\/wp\/v2\/comments?post=4981"}],"version-history":[{"count":1,"href":"https:\/\/agora.xtec.cat\/escolamestralvilanova\/wp-json\/wp\/v2\/posts\/4981\/revisions"}],"predecessor-version":[{"id":4985,"href":"https:\/\/agora.xtec.cat\/escolamestralvilanova\/wp-json\/wp\/v2\/posts\/4981\/revisions\/4985"}],"wp:attachment":[{"href":"https:\/\/agora.xtec.cat\/escolamestralvilanova\/wp-json\/wp\/v2\/media?parent=4981"}],"wp:term":[{"taxonomy":"category","embeddable":true,"href":"https:\/\/agora.xtec.cat\/escolamestralvilanova\/wp-json\/wp\/v2\/categories?post=4981"},{"taxonomy":"post_tag","embeddable":true,"href":"https:\/\/agora.xtec.cat\/escolamestralvilanova\/wp-json\/wp\/v2\/tags?post=4981"}],"curies":[{"name":"wp","href":"https:\/\/api.w.org\/{rel}","templated":true}]}}