{"id":4975,"date":"2021-03-17T16:48:36","date_gmt":"2021-03-17T15:48:36","guid":{"rendered":"http:\/\/agora.xtec.cat\/escolamestralvilanova\/?p=4975"},"modified":"2021-03-17T16:48:54","modified_gmt":"2021-03-17T15:48:54","slug":"provocacio-amb-taps","status":"publish","type":"post","link":"https:\/\/agora.xtec.cat\/escolamestralvilanova\/infantil\/provocacio-amb-taps\/","title":{"rendered":"PROVOCACI\u00d3 AMB TAPS"},"content":{"rendered":"<p>Aquest mat\u00ed hem dut a terme una provocaci\u00f3 amb material que tenim fix a l&#8217;aula: taps de suro i de pl\u00e0stic, els quals estaven escampats per l&#8217;aula en forma d&#8217;espiral i tenien el seu recipient corresponent al qual ho havien d&#8217;encaixar.<br \/>\nEn aquesta activitat s&#8217;estimula la pin\u00e7a, i per tant, la psicomotricitat fina, els conceptes Dins-Fora, la classificaci\u00f3, es potencia la recollida del material&#8230;<\/p>\n<ul>\n<li><a href=\"https:\/\/photos.app.goo.gl\/HuT1qaL2jsnQJerZ6\">ENLLA\u00c7 A LES FOTOGRAFIES<\/a><\/li>\n<\/ul>\n<p><a href=\"https:\/\/photos.app.goo.gl\/HuT1qaL2jsnQJerZ6\"><img loading=\"lazy\" decoding=\"async\" class=\"alignnone size-medium wp-image-4976\" src=\"https:\/\/agora.xtec.cat\/escolamestralvilanova\/wp-content\/uploads\/usu729\/2021\/03\/original_8d69f3a8-740c-4862-be91-e6f86114978f_IMG_20210317_085653-300x288.jpg\" alt=\"\" width=\"300\" height=\"288\" srcset=\"https:\/\/agora.xtec.cat\/escolamestralvilanova\/wp-content\/uploads\/usu729\/2021\/03\/original_8d69f3a8-740c-4862-be91-e6f86114978f_IMG_20210317_085653-300x288.jpg 300w, https:\/\/agora.xtec.cat\/escolamestralvilanova\/wp-content\/uploads\/usu729\/2021\/03\/original_8d69f3a8-740c-4862-be91-e6f86114978f_IMG_20210317_085653-768x737.jpg 768w, https:\/\/agora.xtec.cat\/escolamestralvilanova\/wp-content\/uploads\/usu729\/2021\/03\/original_8d69f3a8-740c-4862-be91-e6f86114978f_IMG_20210317_085653-1024x983.jpg 1024w\" sizes=\"auto, (max-width: 300px) 100vw, 300px\" \/><\/a><\/p>\n<div class=\"yj6qo\"><\/div>\n","protected":false},"excerpt":{"rendered":"<p>Aquest mat\u00ed hem dut a terme una provocaci\u00f3 amb material que tenim fix a l&#8217;aula: taps de suro i de pl\u00e0stic, els quals estaven escampats per l&#8217;aula en forma d&#8217;espiral i tenien el seu recipient corresponent al qual ho havien d&#8217;encaixar.<br \/>\nEn aquesta activitat s&#8217;estimula la&hellip;  <a href=\"https:\/\/agora.xtec.cat\/escolamestralvilanova\/infantil\/provocacio-amb-taps\/\" title=\"Read PROVOCACI\u00d3 AMB TAPS\">Llegeix m\u00e9s\u00bb<\/a><\/p>\n","protected":false},"author":1,"featured_media":0,"comment_status":"open","ping_status":"closed","sticky":false,"template":"","format":"standard","meta":{"_bbp_topic_count":0,"_bbp_reply_count":0,"_bbp_total_topic_count":0,"_bbp_total_reply_count":0,"_bbp_voice_count":0,"_bbp_anonymous_reply_count":0,"_bbp_topic_count_hidden":0,"_bbp_reply_count_hidden":0,"_bbp_forum_subforum_count":0,"footnotes":""},"categories":[14,59,2,4],"tags":[],"class_list":["post-4975","post","type-post","status-publish","format-standard","hentry","category-ei1-ei2","category-primer-cicle-ed-infantil","category-infantil","category-portada"],"post_mailing_queue_ids":[],"_links":{"self":[{"href":"https:\/\/agora.xtec.cat\/escolamestralvilanova\/wp-json\/wp\/v2\/posts\/4975","targetHints":{"allow":["GET"]}}],"collection":[{"href":"https:\/\/agora.xtec.cat\/escolamestralvilanova\/wp-json\/wp\/v2\/posts"}],"about":[{"href":"https:\/\/agora.xtec.cat\/escolamestralvilanova\/wp-json\/wp\/v2\/types\/post"}],"author":[{"embeddable":true,"href":"https:\/\/agora.xtec.cat\/escolamestralvilanova\/wp-json\/wp\/v2\/users\/1"}],"replies":[{"embeddable":true,"href":"https:\/\/agora.xtec.cat\/escolamestralvilanova\/wp-json\/wp\/v2\/comments?post=4975"}],"version-history":[{"count":1,"href":"https:\/\/agora.xtec.cat\/escolamestralvilanova\/wp-json\/wp\/v2\/posts\/4975\/revisions"}],"predecessor-version":[{"id":4977,"href":"https:\/\/agora.xtec.cat\/escolamestralvilanova\/wp-json\/wp\/v2\/posts\/4975\/revisions\/4977"}],"wp:attachment":[{"href":"https:\/\/agora.xtec.cat\/escolamestralvilanova\/wp-json\/wp\/v2\/media?parent=4975"}],"wp:term":[{"taxonomy":"category","embeddable":true,"href":"https:\/\/agora.xtec.cat\/escolamestralvilanova\/wp-json\/wp\/v2\/categories?post=4975"},{"taxonomy":"post_tag","embeddable":true,"href":"https:\/\/agora.xtec.cat\/escolamestralvilanova\/wp-json\/wp\/v2\/tags?post=4975"}],"curies":[{"name":"wp","href":"https:\/\/api.w.org\/{rel}","templated":true}]}}