{"id":4965,"date":"2021-03-17T08:02:32","date_gmt":"2021-03-17T07:02:32","guid":{"rendered":"http:\/\/agora.xtec.cat\/escolamestralvilanova\/?p=4965"},"modified":"2021-03-17T08:02:41","modified_gmt":"2021-03-17T07:02:41","slug":"descrivim-paisatges","status":"publish","type":"post","link":"https:\/\/agora.xtec.cat\/escolamestralvilanova\/portada\/descrivim-paisatges\/","title":{"rendered":"DESCRIVIM PAISATGES"},"content":{"rendered":"<p style=\"text-align: justify;\">Aquesta setmana els alumnes de cinqu\u00e8 estem treballant els textos descriptius de paisatges als tallers de catal\u00e0.<\/p>\n<p style=\"text-align: justify;\">Primerament, hem fet algunes activitats a l&#8217;aula per tal d&#8217;aprendre diverses caracter\u00edstiques i el vocabulari espec\u00edfic d&#8217;aquests textos.<\/p>\n<p style=\"text-align: justify;\">Despr\u00e9s, ens hem despla\u00e7at fins al riu on hem buscat la inspiraci\u00f3 per tal d&#8217;escriure d&#8217;una manera m\u00e9s vivencial.<\/p>\n<p style=\"text-align: justify;\">Ha estat una activitat molt enriquidora i hem gaudit molt escrivint a l&#8217;aire lliure!<\/p>\n<p><a href=\"https:\/\/agora.xtec.cat\/escolamestralvilanova\/wp-content\/uploads\/usu729\/2021\/03\/escriptura-al-riu.jpg\"><img loading=\"lazy\" decoding=\"async\" class=\"alignnone wp-image-4966 size-medium\" src=\"https:\/\/agora.xtec.cat\/escolamestralvilanova\/wp-content\/uploads\/usu729\/2021\/03\/escriptura-al-riu-300x300.jpg\" alt=\"\" width=\"300\" height=\"300\" srcset=\"https:\/\/agora.xtec.cat\/escolamestralvilanova\/wp-content\/uploads\/usu729\/2021\/03\/escriptura-al-riu-300x300.jpg 300w, https:\/\/agora.xtec.cat\/escolamestralvilanova\/wp-content\/uploads\/usu729\/2021\/03\/escriptura-al-riu-150x150.jpg 150w, https:\/\/agora.xtec.cat\/escolamestralvilanova\/wp-content\/uploads\/usu729\/2021\/03\/escriptura-al-riu-768x768.jpg 768w, https:\/\/agora.xtec.cat\/escolamestralvilanova\/wp-content\/uploads\/usu729\/2021\/03\/escriptura-al-riu-1024x1024.jpg 1024w, https:\/\/agora.xtec.cat\/escolamestralvilanova\/wp-content\/uploads\/usu729\/2021\/03\/escriptura-al-riu.jpg 1080w\" sizes=\"auto, (max-width: 300px) 100vw, 300px\" \/><\/a><\/p>\n<p style=\"text-align: justify;\">\n","protected":false},"excerpt":{"rendered":"<p>Aquesta setmana els alumnes de cinqu\u00e8 estem treballant els textos descriptius de paisatges als tallers de catal\u00e0.<br \/>\nPrimerament, hem fet algunes activitats a l&#8217;aula per tal d&#8217;aprendre diverses caracter\u00edstiques i el vocabulari espec\u00edfic d&#8217;aquests textos.<br \/>\nDespr\u00e9s, ens hem despla\u00e7at fins al riu on hem buscat la inspiraci\u00f3&hellip;  <a href=\"https:\/\/agora.xtec.cat\/escolamestralvilanova\/portada\/descrivim-paisatges\/\" title=\"Read DESCRIVIM PAISATGES\">Llegeix m\u00e9s\u00bb<\/a><\/p>\n","protected":false},"author":1,"featured_media":0,"comment_status":"open","ping_status":"closed","sticky":false,"template":"","format":"standard","meta":{"_bbp_topic_count":0,"_bbp_reply_count":0,"_bbp_total_topic_count":0,"_bbp_total_reply_count":0,"_bbp_voice_count":0,"_bbp_anonymous_reply_count":0,"_bbp_topic_count_hidden":0,"_bbp_reply_count_hidden":0,"_bbp_forum_subforum_count":0,"footnotes":""},"categories":[13,4,5],"tags":[],"class_list":["post-4965","post","type-post","status-publish","format-standard","hentry","category-cinque","category-portada","category-primaria"],"post_mailing_queue_ids":[],"_links":{"self":[{"href":"https:\/\/agora.xtec.cat\/escolamestralvilanova\/wp-json\/wp\/v2\/posts\/4965","targetHints":{"allow":["GET"]}}],"collection":[{"href":"https:\/\/agora.xtec.cat\/escolamestralvilanova\/wp-json\/wp\/v2\/posts"}],"about":[{"href":"https:\/\/agora.xtec.cat\/escolamestralvilanova\/wp-json\/wp\/v2\/types\/post"}],"author":[{"embeddable":true,"href":"https:\/\/agora.xtec.cat\/escolamestralvilanova\/wp-json\/wp\/v2\/users\/1"}],"replies":[{"embeddable":true,"href":"https:\/\/agora.xtec.cat\/escolamestralvilanova\/wp-json\/wp\/v2\/comments?post=4965"}],"version-history":[{"count":1,"href":"https:\/\/agora.xtec.cat\/escolamestralvilanova\/wp-json\/wp\/v2\/posts\/4965\/revisions"}],"predecessor-version":[{"id":4967,"href":"https:\/\/agora.xtec.cat\/escolamestralvilanova\/wp-json\/wp\/v2\/posts\/4965\/revisions\/4967"}],"wp:attachment":[{"href":"https:\/\/agora.xtec.cat\/escolamestralvilanova\/wp-json\/wp\/v2\/media?parent=4965"}],"wp:term":[{"taxonomy":"category","embeddable":true,"href":"https:\/\/agora.xtec.cat\/escolamestralvilanova\/wp-json\/wp\/v2\/categories?post=4965"},{"taxonomy":"post_tag","embeddable":true,"href":"https:\/\/agora.xtec.cat\/escolamestralvilanova\/wp-json\/wp\/v2\/tags?post=4965"}],"curies":[{"name":"wp","href":"https:\/\/api.w.org\/{rel}","templated":true}]}}