{"id":4906,"date":"2021-03-12T10:50:59","date_gmt":"2021-03-12T09:50:59","guid":{"rendered":"http:\/\/agora.xtec.cat\/escolamestralvilanova\/?p=4906"},"modified":"2021-03-12T10:51:05","modified_gmt":"2021-03-12T09:51:05","slug":"descobrim-el-meravellos-conte-de-la-balena","status":"publish","type":"post","link":"https:\/\/agora.xtec.cat\/escolamestralvilanova\/portada\/descobrim-el-meravellos-conte-de-la-balena\/","title":{"rendered":"DESCOBRIM EL MERAVELL\u00d3S CONTE DE &#8220;LA BALENA&#8221;"},"content":{"rendered":"<p>Els infants de primer seguim treballant el centre d&#8217;inter\u00e8s dels animals i durant aquest temps els contes que descobrim a L&#8217;HORA DEL CONTE, que fem una hora a la setmana, s\u00f3n hist\u00f2ries on els protagonistes s\u00f3n animals.<\/p>\n<p>Aquest mat\u00ed la Pilar, la nostra prenent, ens ha explicat un conte que ens ha encantat. Aquest conte es titula <strong>&#8220;La Balena&#8221;<\/strong> i \u00e9s de l&#8217;autor Benji Davies.<\/p>\n<p>La hist\u00f2ria que ens explica aquest conte i les il\u00b7lustracions ens han encantat. A continuaci\u00f3 hem aprofitat per fer lectura i escriure en relaci\u00f3 al conte treballat.<\/p>\n<p>Cada dia treballem i augmentem el nostre gust per la lectura!<\/p>\n<p><a href=\"https:\/\/agora.xtec.cat\/escolamestralvilanova\/wp-content\/uploads\/usu729\/2021\/03\/91qNLRx16AL.jpg\"><img loading=\"lazy\" decoding=\"async\" class=\"alignnone wp-image-4907 size-medium\" src=\"https:\/\/agora.xtec.cat\/escolamestralvilanova\/wp-content\/uploads\/usu729\/2021\/03\/91qNLRx16AL-300x265.jpg\" alt=\"\" width=\"300\" height=\"265\" srcset=\"https:\/\/agora.xtec.cat\/escolamestralvilanova\/wp-content\/uploads\/usu729\/2021\/03\/91qNLRx16AL-300x265.jpg 300w, https:\/\/agora.xtec.cat\/escolamestralvilanova\/wp-content\/uploads\/usu729\/2021\/03\/91qNLRx16AL-768x679.jpg 768w, https:\/\/agora.xtec.cat\/escolamestralvilanova\/wp-content\/uploads\/usu729\/2021\/03\/91qNLRx16AL-1024x906.jpg 1024w\" sizes=\"auto, (max-width: 300px) 100vw, 300px\" \/><\/a><a href=\"https:\/\/agora.xtec.cat\/escolamestralvilanova\/wp-content\/uploads\/usu729\/2021\/03\/IMG-6370.jpg\"><img loading=\"lazy\" decoding=\"async\" class=\"alignnone wp-image-4908 \" src=\"https:\/\/agora.xtec.cat\/escolamestralvilanova\/wp-content\/uploads\/usu729\/2021\/03\/IMG-6370-300x225.jpg\" alt=\"\" width=\"346\" height=\"259\" srcset=\"https:\/\/agora.xtec.cat\/escolamestralvilanova\/wp-content\/uploads\/usu729\/2021\/03\/IMG-6370-300x225.jpg 300w, https:\/\/agora.xtec.cat\/escolamestralvilanova\/wp-content\/uploads\/usu729\/2021\/03\/IMG-6370-768x576.jpg 768w, https:\/\/agora.xtec.cat\/escolamestralvilanova\/wp-content\/uploads\/usu729\/2021\/03\/IMG-6370.jpg 1024w, https:\/\/agora.xtec.cat\/escolamestralvilanova\/wp-content\/uploads\/usu729\/2021\/03\/IMG-6370-200x150.jpg 200w\" sizes=\"auto, (max-width: 346px) 100vw, 346px\" \/><\/a><\/p>\n<p>&nbsp;<\/p>\n<p>&nbsp;<\/p>\n","protected":false},"excerpt":{"rendered":"<p>Els infants de primer seguim treballant el centre d&#8217;inter\u00e8s dels animals i durant aquest temps els contes que descobrim a L&#8217;HORA DEL CONTE, que fem una hora a la setmana, s\u00f3n hist\u00f2ries on els protagonistes s\u00f3n animals.<br \/>\nAquest mat\u00ed la Pilar, la nostra prenent, ens ha&hellip;  <a href=\"https:\/\/agora.xtec.cat\/escolamestralvilanova\/portada\/descobrim-el-meravellos-conte-de-la-balena\/\" title=\"Read DESCOBRIM EL MERAVELL\u00d3S CONTE DE &#8220;LA BALENA&#8221;\">Llegeix m\u00e9s\u00bb<\/a><\/p>\n","protected":false},"author":6,"featured_media":0,"comment_status":"open","ping_status":"closed","sticky":false,"template":"","format":"standard","meta":{"_bbp_topic_count":0,"_bbp_reply_count":0,"_bbp_total_topic_count":0,"_bbp_total_reply_count":0,"_bbp_voice_count":0,"_bbp_anonymous_reply_count":0,"_bbp_topic_count_hidden":0,"_bbp_reply_count_hidden":0,"_bbp_forum_subforum_count":0,"footnotes":""},"categories":[10,4,5],"tags":[],"class_list":["post-4906","post","type-post","status-publish","format-standard","hentry","category-ei5-primer","category-portada","category-primaria"],"post_mailing_queue_ids":[],"_links":{"self":[{"href":"https:\/\/agora.xtec.cat\/escolamestralvilanova\/wp-json\/wp\/v2\/posts\/4906","targetHints":{"allow":["GET"]}}],"collection":[{"href":"https:\/\/agora.xtec.cat\/escolamestralvilanova\/wp-json\/wp\/v2\/posts"}],"about":[{"href":"https:\/\/agora.xtec.cat\/escolamestralvilanova\/wp-json\/wp\/v2\/types\/post"}],"author":[{"embeddable":true,"href":"https:\/\/agora.xtec.cat\/escolamestralvilanova\/wp-json\/wp\/v2\/users\/6"}],"replies":[{"embeddable":true,"href":"https:\/\/agora.xtec.cat\/escolamestralvilanova\/wp-json\/wp\/v2\/comments?post=4906"}],"version-history":[{"count":1,"href":"https:\/\/agora.xtec.cat\/escolamestralvilanova\/wp-json\/wp\/v2\/posts\/4906\/revisions"}],"predecessor-version":[{"id":4909,"href":"https:\/\/agora.xtec.cat\/escolamestralvilanova\/wp-json\/wp\/v2\/posts\/4906\/revisions\/4909"}],"wp:attachment":[{"href":"https:\/\/agora.xtec.cat\/escolamestralvilanova\/wp-json\/wp\/v2\/media?parent=4906"}],"wp:term":[{"taxonomy":"category","embeddable":true,"href":"https:\/\/agora.xtec.cat\/escolamestralvilanova\/wp-json\/wp\/v2\/categories?post=4906"},{"taxonomy":"post_tag","embeddable":true,"href":"https:\/\/agora.xtec.cat\/escolamestralvilanova\/wp-json\/wp\/v2\/tags?post=4906"}],"curies":[{"name":"wp","href":"https:\/\/api.w.org\/{rel}","templated":true}]}}