{"id":4903,"date":"2021-03-12T10:39:43","date_gmt":"2021-03-12T09:39:43","guid":{"rendered":"http:\/\/agora.xtec.cat\/escolamestralvilanova\/?p=4903"},"modified":"2021-03-12T10:39:50","modified_gmt":"2021-03-12T09:39:50","slug":"arriba-una-nova-col%c2%b7leccio-de-llibres-a-lescola","status":"publish","type":"post","link":"https:\/\/agora.xtec.cat\/escolamestralvilanova\/portada\/arriba-una-nova-col%c2%b7leccio-de-llibres-a-lescola\/","title":{"rendered":"ARRIBA UNA NOVA COL\u00b7LECCI\u00d3 DE LLIBRES A L&#8217;ESCOLA!"},"content":{"rendered":"<p>Aquesta setmana ens han arribat els nous llibres de la col\u00b7lecci\u00f3 de &#8220;Males b\u00e8sties&#8221;!<\/p>\n<p>Els alumnes de 5\u00e8 li tenim un afecte molt especial al Sr Llobat\u00f3, al Sr Serp, al Sr Piranya i al Sr Taur\u00f3 ja que s\u00f3n els personatges que ens van introduir en el m\u00f3n del c\u00f2mic quan f\u00e8iem 3r de prim\u00e0ria.<\/p>\n<p>Us recomanem molt\u00edssim aquesta col\u00b7lecci\u00f3 tan &#8220;b\u00e8stia&#8221; i divertida de l&#8217;escriptor i il\u00b7lustrador australi\u00e0 Aaron Blabey!<\/p>\n<p><a href=\"https:\/\/agora.xtec.cat\/escolamestralvilanova\/wp-content\/uploads\/usu729\/2021\/03\/males-b\u00e8sties.jpg\"><img loading=\"lazy\" decoding=\"async\" class=\"wp-image-4904 size-large aligncenter\" src=\"https:\/\/agora.xtec.cat\/escolamestralvilanova\/wp-content\/uploads\/usu729\/2021\/03\/males-b\u00e8sties-1024x768.jpg\" alt=\"\" width=\"1024\" height=\"768\" srcset=\"https:\/\/agora.xtec.cat\/escolamestralvilanova\/wp-content\/uploads\/usu729\/2021\/03\/males-b\u00e8sties.jpg 1024w, https:\/\/agora.xtec.cat\/escolamestralvilanova\/wp-content\/uploads\/usu729\/2021\/03\/males-b\u00e8sties-300x225.jpg 300w, https:\/\/agora.xtec.cat\/escolamestralvilanova\/wp-content\/uploads\/usu729\/2021\/03\/males-b\u00e8sties-768x576.jpg 768w, https:\/\/agora.xtec.cat\/escolamestralvilanova\/wp-content\/uploads\/usu729\/2021\/03\/males-b\u00e8sties-200x150.jpg 200w\" sizes=\"auto, (max-width: 1024px) 100vw, 1024px\" \/><\/a><\/p>\n<p>&nbsp;<\/p>\n","protected":false},"excerpt":{"rendered":"<p>Aquesta setmana ens han arribat els nous llibres de la col\u00b7lecci\u00f3 de &#8220;Males b\u00e8sties&#8221;!<br \/>\nEls alumnes de 5\u00e8 li tenim un afecte molt especial al Sr Llobat\u00f3, al Sr Serp, al Sr Piranya i al Sr Taur\u00f3 ja que s\u00f3n els personatges que ens van introduir&hellip;  <a href=\"https:\/\/agora.xtec.cat\/escolamestralvilanova\/portada\/arriba-una-nova-col%c2%b7leccio-de-llibres-a-lescola\/\" title=\"Read ARRIBA UNA NOVA COL\u00b7LECCI\u00d3 DE LLIBRES A L&#8217;ESCOLA!\">Llegeix m\u00e9s\u00bb<\/a><\/p>\n","protected":false},"author":6,"featured_media":0,"comment_status":"open","ping_status":"closed","sticky":false,"template":"","format":"standard","meta":{"_bbp_topic_count":0,"_bbp_reply_count":0,"_bbp_total_topic_count":0,"_bbp_total_reply_count":0,"_bbp_voice_count":0,"_bbp_anonymous_reply_count":0,"_bbp_topic_count_hidden":0,"_bbp_reply_count_hidden":0,"_bbp_forum_subforum_count":0,"footnotes":""},"categories":[13,4,5],"tags":[],"class_list":["post-4903","post","type-post","status-publish","format-standard","hentry","category-cinque","category-portada","category-primaria"],"post_mailing_queue_ids":[],"_links":{"self":[{"href":"https:\/\/agora.xtec.cat\/escolamestralvilanova\/wp-json\/wp\/v2\/posts\/4903","targetHints":{"allow":["GET"]}}],"collection":[{"href":"https:\/\/agora.xtec.cat\/escolamestralvilanova\/wp-json\/wp\/v2\/posts"}],"about":[{"href":"https:\/\/agora.xtec.cat\/escolamestralvilanova\/wp-json\/wp\/v2\/types\/post"}],"author":[{"embeddable":true,"href":"https:\/\/agora.xtec.cat\/escolamestralvilanova\/wp-json\/wp\/v2\/users\/6"}],"replies":[{"embeddable":true,"href":"https:\/\/agora.xtec.cat\/escolamestralvilanova\/wp-json\/wp\/v2\/comments?post=4903"}],"version-history":[{"count":1,"href":"https:\/\/agora.xtec.cat\/escolamestralvilanova\/wp-json\/wp\/v2\/posts\/4903\/revisions"}],"predecessor-version":[{"id":4905,"href":"https:\/\/agora.xtec.cat\/escolamestralvilanova\/wp-json\/wp\/v2\/posts\/4903\/revisions\/4905"}],"wp:attachment":[{"href":"https:\/\/agora.xtec.cat\/escolamestralvilanova\/wp-json\/wp\/v2\/media?parent=4903"}],"wp:term":[{"taxonomy":"category","embeddable":true,"href":"https:\/\/agora.xtec.cat\/escolamestralvilanova\/wp-json\/wp\/v2\/categories?post=4903"},{"taxonomy":"post_tag","embeddable":true,"href":"https:\/\/agora.xtec.cat\/escolamestralvilanova\/wp-json\/wp\/v2\/tags?post=4903"}],"curies":[{"name":"wp","href":"https:\/\/api.w.org\/{rel}","templated":true}]}}