{"id":4894,"date":"2021-03-10T17:00:38","date_gmt":"2021-03-10T16:00:38","guid":{"rendered":"http:\/\/agora.xtec.cat\/escolamestralvilanova\/?p=4894"},"modified":"2021-03-10T17:00:53","modified_gmt":"2021-03-10T16:00:53","slug":"les-nostres-families","status":"publish","type":"post","link":"https:\/\/agora.xtec.cat\/escolamestralvilanova\/infantil\/les-nostres-families\/","title":{"rendered":"LES NOSTRES FAM\u00cdLIES"},"content":{"rendered":"<div class=\"gs\">\n<div class=\"\">\n<div id=\":17n\" class=\"ii gt\">\n<div id=\":17m\" class=\"a3s aiL \">\n<p>Avui a l&#8217;escoleta hem explicat el conte :&#8221;La meva fam\u00edlia&#8221;, de Gl\u00f2ria Fort, on hi apareixen la gran diversitat de fam\u00edlies que poden existir.<\/p>\n<p>Seguidament els hi hem anat ensenyant les imatges que ens vau fer arribar de cada una de les fam\u00edlies dels infants, que contents s&#8217;han posat quan us han vist!<\/p>\n<p>Els m\u00e9s grans ens han explicat qui era cada membre.<br \/>\nPer \u00faltim, les hem penjat al rac\u00f3 de la fam\u00edlia per tal d&#8217; observar-les tots els dies!\u00a0<img decoding=\"async\" class=\"CToWUd\" src=\"https:\/\/mail.google.com\/mail\/e\/2764\" alt=\"\u2764\" data-goomoji=\"2764\" data-image-whitelisted=\"\" \/><\/p>\n<ul>\n<li><a href=\"https:\/\/photos.app.goo.gl\/7CfBk6Cb7kaVim5j8\">E\ufe0fNLLA\u00c7 A LES FOTOGRAFIES<\/a>\n<div class=\"adL\"><\/div>\n<\/li>\n<\/ul>\n<p><img loading=\"lazy\" decoding=\"async\" class=\"alignnone size-medium wp-image-4895\" src=\"https:\/\/agora.xtec.cat\/escolamestralvilanova\/wp-content\/uploads\/usu729\/2021\/03\/original_4c85e252-bdf5-4962-a9dc-56554d02230f_IMG_20210310_093719-300x236.jpg\" alt=\"\" width=\"300\" height=\"236\" srcset=\"https:\/\/agora.xtec.cat\/escolamestralvilanova\/wp-content\/uploads\/usu729\/2021\/03\/original_4c85e252-bdf5-4962-a9dc-56554d02230f_IMG_20210310_093719-300x236.jpg 300w, https:\/\/agora.xtec.cat\/escolamestralvilanova\/wp-content\/uploads\/usu729\/2021\/03\/original_4c85e252-bdf5-4962-a9dc-56554d02230f_IMG_20210310_093719-768x605.jpg 768w, https:\/\/agora.xtec.cat\/escolamestralvilanova\/wp-content\/uploads\/usu729\/2021\/03\/original_4c85e252-bdf5-4962-a9dc-56554d02230f_IMG_20210310_093719-1024x807.jpg 1024w\" sizes=\"auto, (max-width: 300px) 100vw, 300px\" \/><\/p>\n<\/div>\n<\/div>\n<div class=\"hi\"><\/div>\n<\/div>\n<\/div>\n","protected":false},"excerpt":{"rendered":"<p>Avui a l&#8217;escoleta hem explicat el conte :&#8221;La meva fam\u00edlia&#8221;, de Gl\u00f2ria Fort, on hi apareixen la gran diversitat de fam\u00edlies que poden existir.<br \/>\nSeguidament els hi hem anat ensenyant les imatges que ens vau fer arribar de cada una de les fam\u00edlies dels infants, que&hellip;  <a href=\"https:\/\/agora.xtec.cat\/escolamestralvilanova\/infantil\/les-nostres-families\/\" title=\"Read LES NOSTRES FAM\u00cdLIES\">Llegeix m\u00e9s\u00bb<\/a><\/p>\n","protected":false},"author":1,"featured_media":0,"comment_status":"open","ping_status":"closed","sticky":false,"template":"","format":"standard","meta":{"_bbp_topic_count":0,"_bbp_reply_count":0,"_bbp_total_topic_count":0,"_bbp_total_reply_count":0,"_bbp_voice_count":0,"_bbp_anonymous_reply_count":0,"_bbp_topic_count_hidden":0,"_bbp_reply_count_hidden":0,"_bbp_forum_subforum_count":0,"footnotes":""},"categories":[14,59,2,4],"tags":[],"class_list":["post-4894","post","type-post","status-publish","format-standard","hentry","category-ei1-ei2","category-primer-cicle-ed-infantil","category-infantil","category-portada"],"post_mailing_queue_ids":[],"_links":{"self":[{"href":"https:\/\/agora.xtec.cat\/escolamestralvilanova\/wp-json\/wp\/v2\/posts\/4894","targetHints":{"allow":["GET"]}}],"collection":[{"href":"https:\/\/agora.xtec.cat\/escolamestralvilanova\/wp-json\/wp\/v2\/posts"}],"about":[{"href":"https:\/\/agora.xtec.cat\/escolamestralvilanova\/wp-json\/wp\/v2\/types\/post"}],"author":[{"embeddable":true,"href":"https:\/\/agora.xtec.cat\/escolamestralvilanova\/wp-json\/wp\/v2\/users\/1"}],"replies":[{"embeddable":true,"href":"https:\/\/agora.xtec.cat\/escolamestralvilanova\/wp-json\/wp\/v2\/comments?post=4894"}],"version-history":[{"count":1,"href":"https:\/\/agora.xtec.cat\/escolamestralvilanova\/wp-json\/wp\/v2\/posts\/4894\/revisions"}],"predecessor-version":[{"id":4896,"href":"https:\/\/agora.xtec.cat\/escolamestralvilanova\/wp-json\/wp\/v2\/posts\/4894\/revisions\/4896"}],"wp:attachment":[{"href":"https:\/\/agora.xtec.cat\/escolamestralvilanova\/wp-json\/wp\/v2\/media?parent=4894"}],"wp:term":[{"taxonomy":"category","embeddable":true,"href":"https:\/\/agora.xtec.cat\/escolamestralvilanova\/wp-json\/wp\/v2\/categories?post=4894"},{"taxonomy":"post_tag","embeddable":true,"href":"https:\/\/agora.xtec.cat\/escolamestralvilanova\/wp-json\/wp\/v2\/tags?post=4894"}],"curies":[{"name":"wp","href":"https:\/\/api.w.org\/{rel}","templated":true}]}}