{"id":4867,"date":"2021-03-08T16:28:29","date_gmt":"2021-03-08T15:28:29","guid":{"rendered":"http:\/\/agora.xtec.cat\/escolamestralvilanova\/?p=4867"},"modified":"2021-03-08T16:28:35","modified_gmt":"2021-03-08T15:28:35","slug":"les-nostres-mares","status":"publish","type":"post","link":"https:\/\/agora.xtec.cat\/escolamestralvilanova\/infantil\/les-nostres-mares\/","title":{"rendered":"LES NOSTRES MARES"},"content":{"rendered":"<p>Amb motiu del dia de la Dona treballadora, aquests dies hem demanat a les mares dels infants de l&#8217;escoleta que ens enviessin fotos o v\u00eddeos d&#8217;elles al seu lloc de treball i avui ho hem visualitzat al projector de l&#8217;aula! <img decoding=\"async\" class=\"CToWUd\" src=\"https:\/\/mail.google.com\/mail\/e\/1f469\" alt=\"\ud83d\udc69\" data-goomoji=\"1f469\" data-image-whitelisted=\"\" \/>\u200d<img decoding=\"async\" class=\"CToWUd\" src=\"https:\/\/mail.google.com\/mail\/e\/1f52c\" alt=\"\ud83d\udd2c\" data-goomoji=\"1f52c\" data-image-whitelisted=\"\" \/><img decoding=\"async\" class=\"CToWUd\" src=\"https:\/\/mail.google.com\/mail\/e\/1f469\" alt=\"\ud83d\udc69\" data-goomoji=\"1f469\" data-image-whitelisted=\"\" \/>\u200d<img decoding=\"async\" class=\"CToWUd\" src=\"https:\/\/mail.google.com\/mail\/e\/1f3eb\" alt=\"\ud83c\udfeb\" data-goomoji=\"1f3eb\" data-image-whitelisted=\"\" \/><img decoding=\"async\" class=\"CToWUd\" src=\"https:\/\/mail.google.com\/mail\/e\/1f469\" alt=\"\ud83d\udc69\" data-goomoji=\"1f469\" data-image-whitelisted=\"\" \/>\u200d\u2695\ufe0f<img decoding=\"async\" class=\"CToWUd\" src=\"https:\/\/mail.google.com\/mail\/e\/1f469\" alt=\"\ud83d\udc69\" data-goomoji=\"1f469\" data-image-whitelisted=\"\" \/>\u200d<img decoding=\"async\" class=\"CToWUd\" src=\"https:\/\/mail.google.com\/mail\/e\/1f4bb\" alt=\"\ud83d\udcbb\" data-goomoji=\"1f4bb\" data-image-whitelisted=\"\" \/><\/p>\n<p>Que contents s&#8217;han posat quan les han vist!<\/p>\n<p>A m\u00e9s, algunes tamb\u00e9 ens han portat diferents estris que fan servir di\u00e0riament a la seva feina per tal que puguem con\u00e8ixer m\u00e9s a fons la seva professi\u00f3! Mireu que b\u00e9 ens ho hem passat manipulant-ho!<br \/>\nMoltes gr\u00e0cies a totes i feli\u00e7 dia de la dona, avui i cada dia\u00a0<img decoding=\"async\" class=\"CToWUd\" src=\"https:\/\/mail.google.com\/mail\/e\/1f49c\" alt=\"\ud83d\udc9c\" data-goomoji=\"1f49c\" data-image-whitelisted=\"\" \/>\u2640\ufe0f<\/p>\n<ul>\n<li><a href=\"https:\/\/photos.app.goo.gl\/fMKjiAAMyEoMSaWZ8\">ENLLA\u00c7 A LES FOTOGRAFIES<\/a><\/li>\n<\/ul>\n<p><a href=\"https:\/\/photos.app.goo.gl\/fMKjiAAMyEoMSaWZ8\"><img loading=\"lazy\" decoding=\"async\" class=\"alignnone size-medium wp-image-4868\" src=\"https:\/\/agora.xtec.cat\/escolamestralvilanova\/wp-content\/uploads\/usu729\/2021\/03\/dia-internacional-de-la-dona-300x251.jpg\" alt=\"\" width=\"300\" height=\"251\" srcset=\"https:\/\/agora.xtec.cat\/escolamestralvilanova\/wp-content\/uploads\/usu729\/2021\/03\/dia-internacional-de-la-dona-300x250.jpg 300w, https:\/\/agora.xtec.cat\/escolamestralvilanova\/wp-content\/uploads\/usu729\/2021\/03\/dia-internacional-de-la-dona-768x644.jpg 768w, https:\/\/agora.xtec.cat\/escolamestralvilanova\/wp-content\/uploads\/usu729\/2021\/03\/dia-internacional-de-la-dona.jpg 940w\" sizes=\"auto, (max-width: 300px) 100vw, 300px\" \/><\/a><\/p>\n","protected":false},"excerpt":{"rendered":"<p>Amb motiu del dia de la Dona treballadora, aquests dies hem demanat a les mares dels infants de l&#8217;escoleta que ens enviessin fotos o v\u00eddeos d&#8217;elles al seu lloc de treball i avui ho hem visualitzat al projector de l&#8217;aula! \u200d\u200d\u200d\u2695\ufe0f\u200d<br \/>\nQue contents s&#8217;han posat quan&hellip;  <a href=\"https:\/\/agora.xtec.cat\/escolamestralvilanova\/infantil\/les-nostres-mares\/\" title=\"Read LES NOSTRES MARES\">Llegeix m\u00e9s\u00bb<\/a><\/p>\n","protected":false},"author":1,"featured_media":0,"comment_status":"open","ping_status":"closed","sticky":false,"template":"","format":"standard","meta":{"_bbp_topic_count":0,"_bbp_reply_count":0,"_bbp_total_topic_count":0,"_bbp_total_reply_count":0,"_bbp_voice_count":0,"_bbp_anonymous_reply_count":0,"_bbp_topic_count_hidden":0,"_bbp_reply_count_hidden":0,"_bbp_forum_subforum_count":0,"footnotes":""},"categories":[14,59,2,4],"tags":[],"class_list":["post-4867","post","type-post","status-publish","format-standard","hentry","category-ei1-ei2","category-primer-cicle-ed-infantil","category-infantil","category-portada"],"post_mailing_queue_ids":[],"_links":{"self":[{"href":"https:\/\/agora.xtec.cat\/escolamestralvilanova\/wp-json\/wp\/v2\/posts\/4867","targetHints":{"allow":["GET"]}}],"collection":[{"href":"https:\/\/agora.xtec.cat\/escolamestralvilanova\/wp-json\/wp\/v2\/posts"}],"about":[{"href":"https:\/\/agora.xtec.cat\/escolamestralvilanova\/wp-json\/wp\/v2\/types\/post"}],"author":[{"embeddable":true,"href":"https:\/\/agora.xtec.cat\/escolamestralvilanova\/wp-json\/wp\/v2\/users\/1"}],"replies":[{"embeddable":true,"href":"https:\/\/agora.xtec.cat\/escolamestralvilanova\/wp-json\/wp\/v2\/comments?post=4867"}],"version-history":[{"count":1,"href":"https:\/\/agora.xtec.cat\/escolamestralvilanova\/wp-json\/wp\/v2\/posts\/4867\/revisions"}],"predecessor-version":[{"id":4869,"href":"https:\/\/agora.xtec.cat\/escolamestralvilanova\/wp-json\/wp\/v2\/posts\/4867\/revisions\/4869"}],"wp:attachment":[{"href":"https:\/\/agora.xtec.cat\/escolamestralvilanova\/wp-json\/wp\/v2\/media?parent=4867"}],"wp:term":[{"taxonomy":"category","embeddable":true,"href":"https:\/\/agora.xtec.cat\/escolamestralvilanova\/wp-json\/wp\/v2\/categories?post=4867"},{"taxonomy":"post_tag","embeddable":true,"href":"https:\/\/agora.xtec.cat\/escolamestralvilanova\/wp-json\/wp\/v2\/tags?post=4867"}],"curies":[{"name":"wp","href":"https:\/\/api.w.org\/{rel}","templated":true}]}}