{"id":4838,"date":"2021-03-04T15:26:56","date_gmt":"2021-03-04T14:26:56","guid":{"rendered":"http:\/\/agora.xtec.cat\/escolamestralvilanova\/?p=4838"},"modified":"2021-03-04T15:59:39","modified_gmt":"2021-03-04T14:59:39","slug":"volca-de-rabia","status":"publish","type":"post","link":"https:\/\/agora.xtec.cat\/escolamestralvilanova\/infantil\/volca-de-rabia\/","title":{"rendered":"VOLC\u00c0 DE R\u00c0BIA!"},"content":{"rendered":"<p style=\"text-align: justify;\">Continuem amb el treball de les emocions a l&#8217;escoleta. Avui ha estat el torn de la r\u00e0bia. Hem explicat el conte: &#8220;Tinc un volc\u00e0&#8221;, de Miriam Tirado, que parla de com canalitzar aquesta emoci\u00f3.\u00a0<img decoding=\"async\" class=\"CToWUd\" src=\"https:\/\/mail.google.com\/mail\/e\/1f30b\" alt=\"\ud83c\udf0b\" data-goomoji=\"1f30b\" data-image-whitelisted=\"\" \/><img decoding=\"async\" class=\"CToWUd\" src=\"https:\/\/mail.google.com\/mail\/e\/1f620\" alt=\"\ud83d\ude20\" data-goomoji=\"1f620\" data-image-whitelisted=\"\" \/><br \/>\nUna de les t\u00e8cniques que d\u00f3na \u00e9s agafar aire i treure&#8217;l per la boca, ho hem fet a l&#8217;aula i hem comprovat que funcionava! \ud83e\uddd8\ud83e\uddd8\u200d\u2640\ufe0f<br \/>\nDespr\u00e9s hem representat aquesta emoci\u00f3 fent un volc\u00e0 barrejant bicarbonat, colorant VERMELL i vinagre, i hi ha sortit molta lava de dins!!<\/p>\n<ul>\n<li><a href=\"https:\/\/photos.app.goo.gl\/3ZwgykzSESGMryuj7\">ENLLA\u00c7 A LES FOTOGRAFIES<\/a><\/li>\n<\/ul>\n<p><a href=\"https:\/\/photos.app.goo.gl\/3ZwgykzSESGMryuj7\"><img loading=\"lazy\" decoding=\"async\" class=\"alignnone size-medium wp-image-4839\" src=\"https:\/\/agora.xtec.cat\/escolamestralvilanova\/wp-content\/uploads\/usu729\/2021\/03\/IMG-20210304-WA0024_2-240x300.jpg\" alt=\"\" width=\"240\" height=\"300\" srcset=\"https:\/\/agora.xtec.cat\/escolamestralvilanova\/wp-content\/uploads\/usu729\/2021\/03\/IMG-20210304-WA0024_2-240x300.jpg 240w, https:\/\/agora.xtec.cat\/escolamestralvilanova\/wp-content\/uploads\/usu729\/2021\/03\/IMG-20210304-WA0024_2-768x959.jpg 768w, https:\/\/agora.xtec.cat\/escolamestralvilanova\/wp-content\/uploads\/usu729\/2021\/03\/IMG-20210304-WA0024_2-820x1024.jpg 820w, https:\/\/agora.xtec.cat\/escolamestralvilanova\/wp-content\/uploads\/usu729\/2021\/03\/IMG-20210304-WA0024_2.jpg 1091w\" sizes=\"auto, (max-width: 240px) 100vw, 240px\" \/><\/a><\/p>\n","protected":false},"excerpt":{"rendered":"<p>Continuem amb el treball de les emocions a l&#8217;escoleta. Avui ha estat el torn de la r\u00e0bia. Hem explicat el conte: &#8220;Tinc un volc\u00e0&#8221;, de Miriam Tirado, que parla de com canalitzar aquesta emoci\u00f3.\u00a0<br \/>\nUna de les t\u00e8cniques que d\u00f3na \u00e9s agafar aire i treure&#8217;l per&hellip;  <a href=\"https:\/\/agora.xtec.cat\/escolamestralvilanova\/infantil\/volca-de-rabia\/\" title=\"Read VOLC\u00c0 DE R\u00c0BIA!\">Llegeix m\u00e9s\u00bb<\/a><\/p>\n","protected":false},"author":1,"featured_media":0,"comment_status":"open","ping_status":"closed","sticky":false,"template":"","format":"standard","meta":{"_bbp_topic_count":0,"_bbp_reply_count":0,"_bbp_total_topic_count":0,"_bbp_total_reply_count":0,"_bbp_voice_count":0,"_bbp_anonymous_reply_count":0,"_bbp_topic_count_hidden":0,"_bbp_reply_count_hidden":0,"_bbp_forum_subforum_count":0,"footnotes":""},"categories":[14,59,2,4],"tags":[],"class_list":["post-4838","post","type-post","status-publish","format-standard","hentry","category-ei1-ei2","category-primer-cicle-ed-infantil","category-infantil","category-portada"],"post_mailing_queue_ids":[],"_links":{"self":[{"href":"https:\/\/agora.xtec.cat\/escolamestralvilanova\/wp-json\/wp\/v2\/posts\/4838","targetHints":{"allow":["GET"]}}],"collection":[{"href":"https:\/\/agora.xtec.cat\/escolamestralvilanova\/wp-json\/wp\/v2\/posts"}],"about":[{"href":"https:\/\/agora.xtec.cat\/escolamestralvilanova\/wp-json\/wp\/v2\/types\/post"}],"author":[{"embeddable":true,"href":"https:\/\/agora.xtec.cat\/escolamestralvilanova\/wp-json\/wp\/v2\/users\/1"}],"replies":[{"embeddable":true,"href":"https:\/\/agora.xtec.cat\/escolamestralvilanova\/wp-json\/wp\/v2\/comments?post=4838"}],"version-history":[{"count":2,"href":"https:\/\/agora.xtec.cat\/escolamestralvilanova\/wp-json\/wp\/v2\/posts\/4838\/revisions"}],"predecessor-version":[{"id":4853,"href":"https:\/\/agora.xtec.cat\/escolamestralvilanova\/wp-json\/wp\/v2\/posts\/4838\/revisions\/4853"}],"wp:attachment":[{"href":"https:\/\/agora.xtec.cat\/escolamestralvilanova\/wp-json\/wp\/v2\/media?parent=4838"}],"wp:term":[{"taxonomy":"category","embeddable":true,"href":"https:\/\/agora.xtec.cat\/escolamestralvilanova\/wp-json\/wp\/v2\/categories?post=4838"},{"taxonomy":"post_tag","embeddable":true,"href":"https:\/\/agora.xtec.cat\/escolamestralvilanova\/wp-json\/wp\/v2\/tags?post=4838"}],"curies":[{"name":"wp","href":"https:\/\/api.w.org\/{rel}","templated":true}]}}