{"id":4808,"date":"2021-03-01T12:33:38","date_gmt":"2021-03-01T11:33:38","guid":{"rendered":"http:\/\/agora.xtec.cat\/escolamestralvilanova\/?p=4808"},"modified":"2021-03-01T12:33:38","modified_gmt":"2021-03-01T11:33:38","slug":"contes-amb-animals","status":"publish","type":"post","link":"https:\/\/agora.xtec.cat\/escolamestralvilanova\/portada\/contes-amb-animals\/","title":{"rendered":"CONTES AMB ANIMALS"},"content":{"rendered":"<p>Dintre del centre d&#8217;inter\u00e8s dels animals, amb l&#8217;objectiu de treballar la lectura i l&#8217;escriptura, els infants de primer avui hem iniciat una nova activitat que s&#8217;anomena <strong>CONTES AMB ANIMALS.<\/strong><\/p>\n<p>Treballarem un llibre de contes que porta aquest t\u00edtol. Cada dilluns llegirem un conte on el protagonista \u00e9s un animal diferent. Aquests contes ens donen informaci\u00f3 sobre els animals a la vegada que s\u00f3n molt divertits.<\/p>\n<p>Despr\u00e9s de la lectura del conte, cadasc\u00fa ha constru\u00eft els seu llibret de treball i cada setmana hi anotarem alguna caracter\u00edstica, paraula o dibuix relacionat amb el conte treballat.<\/p>\n<p>Avui hem comen\u00e7at pel conte de l&#8217;Ernest el conill i hem apr\u00e8s moltes coses que no sab\u00edem. Hem descobert que un conill pot arribar a mesurar 80 cent\u00edmetres!<\/p>\n<p>Estem aprenent moltes coses sobre els animals.<\/p>\n<p><a href=\"https:\/\/agora.xtec.cat\/escolamestralvilanova\/wp-content\/uploads\/usu729\/2021\/03\/IMG-6260.jpg\"><img loading=\"lazy\" decoding=\"async\" class=\"aligncenter wp-image-4809 size-large\" src=\"https:\/\/agora.xtec.cat\/escolamestralvilanova\/wp-content\/uploads\/usu729\/2021\/03\/IMG-6260-1024x537.jpg\" alt=\"\" width=\"1024\" height=\"537\" srcset=\"https:\/\/agora.xtec.cat\/escolamestralvilanova\/wp-content\/uploads\/usu729\/2021\/03\/IMG-6260-1024x537.jpg 1024w, https:\/\/agora.xtec.cat\/escolamestralvilanova\/wp-content\/uploads\/usu729\/2021\/03\/IMG-6260-300x157.jpg 300w, https:\/\/agora.xtec.cat\/escolamestralvilanova\/wp-content\/uploads\/usu729\/2021\/03\/IMG-6260-768x402.jpg 768w\" sizes=\"auto, (max-width: 1024px) 100vw, 1024px\" \/><\/a><\/p>\n","protected":false},"excerpt":{"rendered":"<p>Dintre del centre d&#8217;inter\u00e8s dels animals, amb l&#8217;objectiu de treballar la lectura i l&#8217;escriptura, els infants de primer avui hem iniciat una nova activitat que s&#8217;anomena CONTES AMB ANIMALS.<br \/>\nTreballarem un llibre de contes que porta aquest t\u00edtol. Cada dilluns llegirem un conte on el protagonista&hellip;  <a href=\"https:\/\/agora.xtec.cat\/escolamestralvilanova\/portada\/contes-amb-animals\/\" title=\"Read CONTES AMB ANIMALS\">Llegeix m\u00e9s\u00bb<\/a><\/p>\n","protected":false},"author":6,"featured_media":2150,"comment_status":"open","ping_status":"closed","sticky":false,"template":"","format":"standard","meta":{"_bbp_topic_count":0,"_bbp_reply_count":0,"_bbp_total_topic_count":0,"_bbp_total_reply_count":0,"_bbp_voice_count":0,"_bbp_anonymous_reply_count":0,"_bbp_topic_count_hidden":0,"_bbp_reply_count_hidden":0,"_bbp_forum_subforum_count":0,"footnotes":""},"categories":[10,4,5],"tags":[],"class_list":["post-4808","post","type-post","status-publish","format-standard","has-post-thumbnail","hentry","category-ei5-primer","category-portada","category-primaria"],"post_mailing_queue_ids":[],"_links":{"self":[{"href":"https:\/\/agora.xtec.cat\/escolamestralvilanova\/wp-json\/wp\/v2\/posts\/4808","targetHints":{"allow":["GET"]}}],"collection":[{"href":"https:\/\/agora.xtec.cat\/escolamestralvilanova\/wp-json\/wp\/v2\/posts"}],"about":[{"href":"https:\/\/agora.xtec.cat\/escolamestralvilanova\/wp-json\/wp\/v2\/types\/post"}],"author":[{"embeddable":true,"href":"https:\/\/agora.xtec.cat\/escolamestralvilanova\/wp-json\/wp\/v2\/users\/6"}],"replies":[{"embeddable":true,"href":"https:\/\/agora.xtec.cat\/escolamestralvilanova\/wp-json\/wp\/v2\/comments?post=4808"}],"version-history":[{"count":2,"href":"https:\/\/agora.xtec.cat\/escolamestralvilanova\/wp-json\/wp\/v2\/posts\/4808\/revisions"}],"predecessor-version":[{"id":4811,"href":"https:\/\/agora.xtec.cat\/escolamestralvilanova\/wp-json\/wp\/v2\/posts\/4808\/revisions\/4811"}],"wp:featuredmedia":[{"embeddable":true,"href":"https:\/\/agora.xtec.cat\/escolamestralvilanova\/wp-json\/wp\/v2\/media\/2150"}],"wp:attachment":[{"href":"https:\/\/agora.xtec.cat\/escolamestralvilanova\/wp-json\/wp\/v2\/media?parent=4808"}],"wp:term":[{"taxonomy":"category","embeddable":true,"href":"https:\/\/agora.xtec.cat\/escolamestralvilanova\/wp-json\/wp\/v2\/categories?post=4808"},{"taxonomy":"post_tag","embeddable":true,"href":"https:\/\/agora.xtec.cat\/escolamestralvilanova\/wp-json\/wp\/v2\/tags?post=4808"}],"curies":[{"name":"wp","href":"https:\/\/api.w.org\/{rel}","templated":true}]}}