{"id":4763,"date":"2021-02-26T10:49:00","date_gmt":"2021-02-26T09:49:00","guid":{"rendered":"http:\/\/agora.xtec.cat\/escolamestralvilanova\/?p=4763"},"modified":"2021-05-19T22:09:46","modified_gmt":"2021-05-19T20:09:46","slug":"radio-mestral-programa-1","status":"publish","type":"post","link":"https:\/\/agora.xtec.cat\/escolamestralvilanova\/general\/radio-mestral-programa-1\/","title":{"rendered":"RADIO MESTRAL, PROGRAMA 1"},"content":{"rendered":"<p style=\"text-align: justify;\">Estem molt contents de presentar el PROGRAMA 1 de la R\u00e0dio Mestral, la r\u00e0dio de la nostra escola.<\/p>\n<p style=\"text-align: justify;\">La r\u00e0dio \u00e9s un mitj\u00e0 de comunicaci\u00f3 d\u2019un gran valor educatiu. Promou la comunicaci\u00f3, facilita la lectura i la comprensi\u00f3 dels textos i agilitza les tasques de redacci\u00f3 dels alumnes\u2026 El treball radiof\u00f2nic \u00e9s estimulant i motivador per les activitats escolars.<\/p>\n<p style=\"text-align: justify;\">D&#8217;aquesta manera, amb el projecte de la radio escolar pretenem:<\/p>\n<ul style=\"text-align: justify;\">\n<li><em>Identificar el valors de la r\u00e0dio com a mitj\u00e0 de comunicaci\u00f3 i d\u2019aprenentatge.<\/em><\/li>\n<li><em>Potenciar la capacitat ling\u00fc\u00edstica especialment l\u2019expressi\u00f3 oral.<\/em><\/li>\n<li><em>Afavorir la creativitat i el treball en equip.<\/em><\/li>\n<li><em>Fomentar el debat i l\u2019aprofundiment dels temes.<\/em><\/li>\n<li><em>Difondre activitats del centre.<\/em><\/li>\n<\/ul>\n<p style=\"text-align: justify;\">Els nens i nenes de sis\u00e8 gravarem un programa mensual tot explicant diferents aspectes relacionats amb la nostra escola.<\/p>\n<p style=\"text-align: justify;\">Esperem que us agradi!<\/p>\n<p><a href=\"https:\/\/drive.google.com\/file\/d\/1MjzwywXnB-gw0iP7MWQ3PyqqSCGAu7L9\/view?usp=sharing\"><img loading=\"lazy\" decoding=\"async\" class=\"alignnone size-medium wp-image-5414\" src=\"https:\/\/agora.xtec.cat\/escolamestralvilanova\/wp-content\/uploads\/usu729\/2021\/05\/PROGRAMA-1-2-300x179.png\" alt=\"\" width=\"300\" height=\"179\" srcset=\"https:\/\/agora.xtec.cat\/escolamestralvilanova\/wp-content\/uploads\/usu729\/2021\/05\/PROGRAMA-1-2-300x179.png 300w, https:\/\/agora.xtec.cat\/escolamestralvilanova\/wp-content\/uploads\/usu729\/2021\/05\/PROGRAMA-1-2-768x458.png 768w, https:\/\/agora.xtec.cat\/escolamestralvilanova\/wp-content\/uploads\/usu729\/2021\/05\/PROGRAMA-1-2.png 1000w\" sizes=\"auto, (max-width: 300px) 100vw, 300px\" \/><\/a><\/p>\n","protected":false},"excerpt":{"rendered":"<p>Estem molt contents de presentar el PROGRAMA 1 de la R\u00e0dio Mestral, la r\u00e0dio de la nostra escola.<br \/>\nLa r\u00e0dio \u00e9s un mitj\u00e0 de comunicaci\u00f3 d\u2019un gran valor educatiu. Promou la comunicaci\u00f3, facilita la lectura i la comprensi\u00f3 dels textos i agilitza les tasques de redacci\u00f3&hellip;  <a href=\"https:\/\/agora.xtec.cat\/escolamestralvilanova\/general\/radio-mestral-programa-1\/\" title=\"Read RADIO MESTRAL, PROGRAMA 1\">Llegeix m\u00e9s\u00bb<\/a><\/p>\n","protected":false},"author":1,"featured_media":0,"comment_status":"open","ping_status":"closed","sticky":false,"template":"","format":"standard","meta":{"_bbp_topic_count":0,"_bbp_reply_count":0,"_bbp_total_topic_count":0,"_bbp_total_reply_count":0,"_bbp_voice_count":0,"_bbp_anonymous_reply_count":0,"_bbp_topic_count_hidden":0,"_bbp_reply_count_hidden":0,"_bbp_forum_subforum_count":0,"footnotes":""},"categories":[15,1,4,5,60],"tags":[],"class_list":["post-4763","post","type-post","status-publish","format-standard","hentry","category-cicle-superior","category-general","category-portada","category-primaria","category-radio-mestral"],"post_mailing_queue_ids":[],"_links":{"self":[{"href":"https:\/\/agora.xtec.cat\/escolamestralvilanova\/wp-json\/wp\/v2\/posts\/4763","targetHints":{"allow":["GET"]}}],"collection":[{"href":"https:\/\/agora.xtec.cat\/escolamestralvilanova\/wp-json\/wp\/v2\/posts"}],"about":[{"href":"https:\/\/agora.xtec.cat\/escolamestralvilanova\/wp-json\/wp\/v2\/types\/post"}],"author":[{"embeddable":true,"href":"https:\/\/agora.xtec.cat\/escolamestralvilanova\/wp-json\/wp\/v2\/users\/1"}],"replies":[{"embeddable":true,"href":"https:\/\/agora.xtec.cat\/escolamestralvilanova\/wp-json\/wp\/v2\/comments?post=4763"}],"version-history":[{"count":3,"href":"https:\/\/agora.xtec.cat\/escolamestralvilanova\/wp-json\/wp\/v2\/posts\/4763\/revisions"}],"predecessor-version":[{"id":5421,"href":"https:\/\/agora.xtec.cat\/escolamestralvilanova\/wp-json\/wp\/v2\/posts\/4763\/revisions\/5421"}],"wp:attachment":[{"href":"https:\/\/agora.xtec.cat\/escolamestralvilanova\/wp-json\/wp\/v2\/media?parent=4763"}],"wp:term":[{"taxonomy":"category","embeddable":true,"href":"https:\/\/agora.xtec.cat\/escolamestralvilanova\/wp-json\/wp\/v2\/categories?post=4763"},{"taxonomy":"post_tag","embeddable":true,"href":"https:\/\/agora.xtec.cat\/escolamestralvilanova\/wp-json\/wp\/v2\/tags?post=4763"}],"curies":[{"name":"wp","href":"https:\/\/api.w.org\/{rel}","templated":true}]}}