{"id":4759,"date":"2021-02-25T17:07:49","date_gmt":"2021-02-25T16:07:49","guid":{"rendered":"http:\/\/agora.xtec.cat\/escolamestralvilanova\/?p=4759"},"modified":"2021-02-25T17:08:08","modified_gmt":"2021-02-25T16:08:08","slug":"emocions","status":"publish","type":"post","link":"https:\/\/agora.xtec.cat\/escolamestralvilanova\/infantil\/emocions\/","title":{"rendered":"EMOCIONS"},"content":{"rendered":"<p>Aquesta setmana hem comen\u00e7at a treballar les emocions a partir del conte: &#8220;El Monstre de colors&#8221; que relaciona les emocions amb els colors. Ahir vam explicar-lo amb unes titelles i despr\u00e9s van jugar amb aquestes i unes ampolles sensorials que representen les emocions.<\/p>\n<p>Avui, hem introdu\u00eft les titelles a les rutines i els infants m\u00e9s grans ens han explicat com se sentien i de quin color era la seva emoci\u00f3.<img decoding=\"async\" class=\"CToWUd\" src=\"https:\/\/mail.google.com\/mail\/e\/1f600\" alt=\"\ud83d\ude00\" data-goomoji=\"1f600\" data-image-whitelisted=\"\" \/><img decoding=\"async\" class=\"CToWUd\" src=\"https:\/\/mail.google.com\/mail\/e\/1f620\" alt=\"\ud83d\ude20\" data-goomoji=\"1f620\" data-image-whitelisted=\"\" \/><img decoding=\"async\" class=\"CToWUd\" src=\"https:\/\/mail.google.com\/mail\/e\/1f622\" alt=\"\ud83d\ude22\" data-goomoji=\"1f622\" data-image-whitelisted=\"\" \/>\ud83e\udd70<img decoding=\"async\" class=\"CToWUd\" src=\"https:\/\/mail.google.com\/mail\/e\/1f628\" alt=\"\ud83d\ude28\" data-goomoji=\"1f628\" data-image-whitelisted=\"\" \/><img decoding=\"async\" class=\"CToWUd\" src=\"https:\/\/mail.google.com\/mail\/e\/1f60c\" alt=\"\ud83d\ude0c\" data-goomoji=\"1f60c\" data-image-whitelisted=\"\" \/><br \/>\nA m\u00e9s, hem jugat amb un Dau gegant de les emocions! Cada cop que un nen el llen\u00e7ava, havia de representar aquella emoci\u00f3 amb expressions.<\/p>\n<p>Qu\u00e8 divertit ha estat! <img decoding=\"async\" class=\"CToWUd\" src=\"https:\/\/mail.google.com\/mail\/e\/1f3b2\" alt=\"\ud83c\udfb2\" data-goomoji=\"1f3b2\" data-image-whitelisted=\"\" \/><\/p>\n<p>Ho hem desat tot al rac\u00f3 de les Emocions al qual anirem afegint m\u00e9s elements al llarg del curs!<\/p>\n<ul>\n<li><a style=\"font-family: inherit; font-size: 1em;\" href=\"https:\/\/photos.app.goo.gl\/pXE4dgJExG3AFmng6\">ENLLA\u00c7 A LES FOTOGRAFIES<\/a><\/li>\n<\/ul>\n<p><a href=\"https:\/\/photos.app.goo.gl\/pXE4dgJExG3AFmng6\"><img loading=\"lazy\" decoding=\"async\" class=\"alignnone size-medium wp-image-4760\" src=\"https:\/\/agora.xtec.cat\/escolamestralvilanova\/wp-content\/uploads\/usu729\/2021\/02\/original_014147aa-2b8e-4d2c-bdb5-34cc26e0b123_IMG_20210224_082120-300x169.jpg\" alt=\"\" width=\"300\" height=\"169\" srcset=\"https:\/\/agora.xtec.cat\/escolamestralvilanova\/wp-content\/uploads\/usu729\/2021\/02\/original_014147aa-2b8e-4d2c-bdb5-34cc26e0b123_IMG_20210224_082120-300x169.jpg 300w, https:\/\/agora.xtec.cat\/escolamestralvilanova\/wp-content\/uploads\/usu729\/2021\/02\/original_014147aa-2b8e-4d2c-bdb5-34cc26e0b123_IMG_20210224_082120-768x432.jpg 768w, https:\/\/agora.xtec.cat\/escolamestralvilanova\/wp-content\/uploads\/usu729\/2021\/02\/original_014147aa-2b8e-4d2c-bdb5-34cc26e0b123_IMG_20210224_082120-1024x576.jpg 1024w\" sizes=\"auto, (max-width: 300px) 100vw, 300px\" \/><\/a><\/p>\n","protected":false},"excerpt":{"rendered":"<p>Aquesta setmana hem comen\u00e7at a treballar les emocions a partir del conte: &#8220;El Monstre de colors&#8221; que relaciona les emocions amb els colors. Ahir vam explicar-lo amb unes titelles i despr\u00e9s van jugar amb aquestes i unes ampolles sensorials que representen les emocions.<br \/>\nAvui, hem introdu\u00eft&hellip;  <a href=\"https:\/\/agora.xtec.cat\/escolamestralvilanova\/infantil\/emocions\/\" title=\"Read EMOCIONS\">Llegeix m\u00e9s\u00bb<\/a><\/p>\n","protected":false},"author":1,"featured_media":0,"comment_status":"open","ping_status":"closed","sticky":false,"template":"","format":"standard","meta":{"_bbp_topic_count":0,"_bbp_reply_count":0,"_bbp_total_topic_count":0,"_bbp_total_reply_count":0,"_bbp_voice_count":0,"_bbp_anonymous_reply_count":0,"_bbp_topic_count_hidden":0,"_bbp_reply_count_hidden":0,"_bbp_forum_subforum_count":0,"footnotes":""},"categories":[14,59,2,4],"tags":[],"class_list":["post-4759","post","type-post","status-publish","format-standard","hentry","category-ei1-ei2","category-primer-cicle-ed-infantil","category-infantil","category-portada"],"post_mailing_queue_ids":[],"_links":{"self":[{"href":"https:\/\/agora.xtec.cat\/escolamestralvilanova\/wp-json\/wp\/v2\/posts\/4759","targetHints":{"allow":["GET"]}}],"collection":[{"href":"https:\/\/agora.xtec.cat\/escolamestralvilanova\/wp-json\/wp\/v2\/posts"}],"about":[{"href":"https:\/\/agora.xtec.cat\/escolamestralvilanova\/wp-json\/wp\/v2\/types\/post"}],"author":[{"embeddable":true,"href":"https:\/\/agora.xtec.cat\/escolamestralvilanova\/wp-json\/wp\/v2\/users\/1"}],"replies":[{"embeddable":true,"href":"https:\/\/agora.xtec.cat\/escolamestralvilanova\/wp-json\/wp\/v2\/comments?post=4759"}],"version-history":[{"count":2,"href":"https:\/\/agora.xtec.cat\/escolamestralvilanova\/wp-json\/wp\/v2\/posts\/4759\/revisions"}],"predecessor-version":[{"id":4762,"href":"https:\/\/agora.xtec.cat\/escolamestralvilanova\/wp-json\/wp\/v2\/posts\/4759\/revisions\/4762"}],"wp:attachment":[{"href":"https:\/\/agora.xtec.cat\/escolamestralvilanova\/wp-json\/wp\/v2\/media?parent=4759"}],"wp:term":[{"taxonomy":"category","embeddable":true,"href":"https:\/\/agora.xtec.cat\/escolamestralvilanova\/wp-json\/wp\/v2\/categories?post=4759"},{"taxonomy":"post_tag","embeddable":true,"href":"https:\/\/agora.xtec.cat\/escolamestralvilanova\/wp-json\/wp\/v2\/tags?post=4759"}],"curies":[{"name":"wp","href":"https:\/\/api.w.org\/{rel}","templated":true}]}}