{"id":4745,"date":"2021-02-22T19:41:41","date_gmt":"2021-02-22T18:41:41","guid":{"rendered":"http:\/\/agora.xtec.cat\/escolamestralvilanova\/?p=4745"},"modified":"2021-02-22T19:41:49","modified_gmt":"2021-02-22T18:41:49","slug":"experiencies-amb-familia-2","status":"publish","type":"post","link":"https:\/\/agora.xtec.cat\/escolamestralvilanova\/infantil\/experiencies-amb-familia-2\/","title":{"rendered":"EXPERI\u00c8NCIES AMB FAM\u00cdLIA"},"content":{"rendered":"<p>Avui ha estat el torn de l&#8217;\u00cfu!<\/p>\n<p>Hem vist un v\u00eddeo on ens explicava el que havia fet aquest cap de setmana: ha fet de cuiner, de mec\u00e0nic, ha anat al parc, ha fet m\u00fasica i ha ballat&#8230;\ud83d\udd7a i, per \u00faltim, han ideat una disfressa del Mic i s&#8217;han disfressat amb el pare i la mare!<\/p>\n<p>Tamb\u00e9 ens han portat la m\u00e0scara del Mic a l&#8217;escoleta, mireu que xula\ud83e\udd73<br \/>\nDespr\u00e9s hem aprofitat per visionar can\u00e7ons del Mic, cantar-les i ballar-les! <img decoding=\"async\" class=\"CToWUd\" src=\"https:\/\/mail.google.com\/mail\/e\/1f3b6\" alt=\"\ud83c\udfb6\" data-goomoji=\"1f3b6\" data-image-whitelisted=\"\" \/><\/p>\n<ul>\n<li><a href=\"https:\/\/photos.app.goo.gl\/RGrv2Doj66uiHUN56\">ENLLA\u00c7 A LES FOTOGRAFIES<\/a><\/li>\n<\/ul>\n<p><a href=\"https:\/\/photos.app.goo.gl\/RGrv2Doj66uiHUN56\"><img loading=\"lazy\" decoding=\"async\" class=\"alignnone size-medium wp-image-4746\" src=\"https:\/\/agora.xtec.cat\/escolamestralvilanova\/wp-content\/uploads\/usu729\/2021\/02\/IMG_20210222_105120-300x300.jpg\" alt=\"\" width=\"300\" height=\"300\" srcset=\"https:\/\/agora.xtec.cat\/escolamestralvilanova\/wp-content\/uploads\/usu729\/2021\/02\/IMG_20210222_105120-300x300.jpg 300w, https:\/\/agora.xtec.cat\/escolamestralvilanova\/wp-content\/uploads\/usu729\/2021\/02\/IMG_20210222_105120-150x150.jpg 150w, https:\/\/agora.xtec.cat\/escolamestralvilanova\/wp-content\/uploads\/usu729\/2021\/02\/IMG_20210222_105120-768x768.jpg 768w, https:\/\/agora.xtec.cat\/escolamestralvilanova\/wp-content\/uploads\/usu729\/2021\/02\/IMG_20210222_105120-1024x1024.jpg 1024w\" sizes=\"auto, (max-width: 300px) 100vw, 300px\" \/><\/a><\/p>\n","protected":false},"excerpt":{"rendered":"<p>Avui ha estat el torn de l&#8217;\u00cfu!<br \/>\nHem vist un v\u00eddeo on ens explicava el que havia fet aquest cap de setmana: ha fet de cuiner, de mec\u00e0nic, ha anat al parc, ha fet m\u00fasica i ha ballat&#8230;\ud83d\udd7a i, per \u00faltim, han ideat una disfressa del&hellip;  <a href=\"https:\/\/agora.xtec.cat\/escolamestralvilanova\/infantil\/experiencies-amb-familia-2\/\" title=\"Read EXPERI\u00c8NCIES AMB FAM\u00cdLIA\">Llegeix m\u00e9s\u00bb<\/a><\/p>\n","protected":false},"author":1,"featured_media":0,"comment_status":"open","ping_status":"closed","sticky":false,"template":"","format":"standard","meta":{"_bbp_topic_count":0,"_bbp_reply_count":0,"_bbp_total_topic_count":0,"_bbp_total_reply_count":0,"_bbp_voice_count":0,"_bbp_anonymous_reply_count":0,"_bbp_topic_count_hidden":0,"_bbp_reply_count_hidden":0,"_bbp_forum_subforum_count":0,"footnotes":""},"categories":[14,59,2,4],"tags":[],"class_list":["post-4745","post","type-post","status-publish","format-standard","hentry","category-ei1-ei2","category-primer-cicle-ed-infantil","category-infantil","category-portada"],"post_mailing_queue_ids":[],"_links":{"self":[{"href":"https:\/\/agora.xtec.cat\/escolamestralvilanova\/wp-json\/wp\/v2\/posts\/4745","targetHints":{"allow":["GET"]}}],"collection":[{"href":"https:\/\/agora.xtec.cat\/escolamestralvilanova\/wp-json\/wp\/v2\/posts"}],"about":[{"href":"https:\/\/agora.xtec.cat\/escolamestralvilanova\/wp-json\/wp\/v2\/types\/post"}],"author":[{"embeddable":true,"href":"https:\/\/agora.xtec.cat\/escolamestralvilanova\/wp-json\/wp\/v2\/users\/1"}],"replies":[{"embeddable":true,"href":"https:\/\/agora.xtec.cat\/escolamestralvilanova\/wp-json\/wp\/v2\/comments?post=4745"}],"version-history":[{"count":1,"href":"https:\/\/agora.xtec.cat\/escolamestralvilanova\/wp-json\/wp\/v2\/posts\/4745\/revisions"}],"predecessor-version":[{"id":4747,"href":"https:\/\/agora.xtec.cat\/escolamestralvilanova\/wp-json\/wp\/v2\/posts\/4745\/revisions\/4747"}],"wp:attachment":[{"href":"https:\/\/agora.xtec.cat\/escolamestralvilanova\/wp-json\/wp\/v2\/media?parent=4745"}],"wp:term":[{"taxonomy":"category","embeddable":true,"href":"https:\/\/agora.xtec.cat\/escolamestralvilanova\/wp-json\/wp\/v2\/categories?post=4745"},{"taxonomy":"post_tag","embeddable":true,"href":"https:\/\/agora.xtec.cat\/escolamestralvilanova\/wp-json\/wp\/v2\/tags?post=4745"}],"curies":[{"name":"wp","href":"https:\/\/api.w.org\/{rel}","templated":true}]}}