{"id":4738,"date":"2021-02-24T10:30:15","date_gmt":"2021-02-24T09:30:15","guid":{"rendered":"http:\/\/agora.xtec.cat\/escolamestralvilanova\/?p=4738"},"modified":"2021-02-25T09:55:00","modified_gmt":"2021-02-25T08:55:00","slug":"la-maleta-de-primer-els-animals","status":"publish","type":"post","link":"https:\/\/agora.xtec.cat\/escolamestralvilanova\/general\/la-maleta-de-primer-els-animals\/","title":{"rendered":"LA MALETA DE PRIMER: ELS ANIMALS"},"content":{"rendered":"<p class=\"gmail_default\" style=\"text-align: justify;\">Els infants de primer iniciem el centre d&#8217;inter\u00e8s ELS ANIMALS.<\/p>\n<p class=\"gmail_default\" style=\"text-align: justify;\">A partir d&#8217;aquesta setmana cada dimecres un infant de la classe s&#8217;endur\u00e0 <b>LA MALETA DE PRIMER: ELS ANIMALS. <\/b><\/p>\n<p class=\"gmail_default\" style=\"text-align: justify;\">En aquesta maleta hi ha una s\u00e8rie d&#8217;activitats especificades en una llista com: llegir un conte d&#8217;informaci\u00f3 dels animals, classificar animals de joguina, jugar amb aquests animals, explicar el meu animal preferit, fer un dibuix d&#8217;un animal&#8230;<\/p>\n<p class=\"gmail_default\" style=\"text-align: justify;\">Cada setmana un infant s&#8217;endur\u00e0 la maleta cap a casa i la podr\u00e0 compartir amb la seva fam\u00edlia.<\/p>\n<p class=\"gmail_default\" style=\"text-align: justify;\">Estem molt engrescats amb aquesta activitat!<\/p>\n<p><a href=\"https:\/\/agora.xtec.cat\/escolamestralvilanova\/wp-content\/uploads\/usu729\/2021\/02\/IMG-6203.jpg\"><img loading=\"lazy\" decoding=\"async\" class=\"wp-image-4739 size-medium alignleft\" src=\"https:\/\/agora.xtec.cat\/escolamestralvilanova\/wp-content\/uploads\/usu729\/2021\/02\/IMG-6203-300x241.jpg\" alt=\"\" width=\"300\" height=\"241\" srcset=\"https:\/\/agora.xtec.cat\/escolamestralvilanova\/wp-content\/uploads\/usu729\/2021\/02\/IMG-6203-300x241.jpg 300w, https:\/\/agora.xtec.cat\/escolamestralvilanova\/wp-content\/uploads\/usu729\/2021\/02\/IMG-6203-768x616.jpg 768w, https:\/\/agora.xtec.cat\/escolamestralvilanova\/wp-content\/uploads\/usu729\/2021\/02\/IMG-6203-1024x821.jpg 1024w\" sizes=\"auto, (max-width: 300px) 100vw, 300px\" \/><\/a><\/p>\n","protected":false},"excerpt":{"rendered":"<p>Els infants de primer iniciem el centre d&#8217;inter\u00e8s ELS ANIMALS.<br \/>\nA partir d&#8217;aquesta setmana cada dimecres un infant de la classe s&#8217;endur\u00e0 LA MALETA DE PRIMER: ELS ANIMALS.<br \/>\nEn aquesta maleta hi ha una s\u00e8rie d&#8217;activitats especificades en una llista com: llegir un conte d&#8217;informaci\u00f3 dels&hellip;  <a href=\"https:\/\/agora.xtec.cat\/escolamestralvilanova\/general\/la-maleta-de-primer-els-animals\/\" title=\"Read LA MALETA DE PRIMER: ELS ANIMALS\">Llegeix m\u00e9s\u00bb<\/a><\/p>\n","protected":false},"author":6,"featured_media":0,"comment_status":"open","ping_status":"closed","sticky":false,"template":"","format":"standard","meta":{"_bbp_topic_count":0,"_bbp_reply_count":0,"_bbp_total_topic_count":0,"_bbp_total_reply_count":0,"_bbp_voice_count":0,"_bbp_anonymous_reply_count":0,"_bbp_topic_count_hidden":0,"_bbp_reply_count_hidden":0,"_bbp_forum_subforum_count":0,"footnotes":""},"categories":[10,1,4,5],"tags":[],"class_list":["post-4738","post","type-post","status-publish","format-standard","hentry","category-ei5-primer","category-general","category-portada","category-primaria"],"post_mailing_queue_ids":[],"_links":{"self":[{"href":"https:\/\/agora.xtec.cat\/escolamestralvilanova\/wp-json\/wp\/v2\/posts\/4738","targetHints":{"allow":["GET"]}}],"collection":[{"href":"https:\/\/agora.xtec.cat\/escolamestralvilanova\/wp-json\/wp\/v2\/posts"}],"about":[{"href":"https:\/\/agora.xtec.cat\/escolamestralvilanova\/wp-json\/wp\/v2\/types\/post"}],"author":[{"embeddable":true,"href":"https:\/\/agora.xtec.cat\/escolamestralvilanova\/wp-json\/wp\/v2\/users\/6"}],"replies":[{"embeddable":true,"href":"https:\/\/agora.xtec.cat\/escolamestralvilanova\/wp-json\/wp\/v2\/comments?post=4738"}],"version-history":[{"count":3,"href":"https:\/\/agora.xtec.cat\/escolamestralvilanova\/wp-json\/wp\/v2\/posts\/4738\/revisions"}],"predecessor-version":[{"id":4758,"href":"https:\/\/agora.xtec.cat\/escolamestralvilanova\/wp-json\/wp\/v2\/posts\/4738\/revisions\/4758"}],"wp:attachment":[{"href":"https:\/\/agora.xtec.cat\/escolamestralvilanova\/wp-json\/wp\/v2\/media?parent=4738"}],"wp:term":[{"taxonomy":"category","embeddable":true,"href":"https:\/\/agora.xtec.cat\/escolamestralvilanova\/wp-json\/wp\/v2\/categories?post=4738"},{"taxonomy":"post_tag","embeddable":true,"href":"https:\/\/agora.xtec.cat\/escolamestralvilanova\/wp-json\/wp\/v2\/tags?post=4738"}],"curies":[{"name":"wp","href":"https:\/\/api.w.org\/{rel}","templated":true}]}}