{"id":4728,"date":"2021-02-19T12:57:52","date_gmt":"2021-02-19T11:57:52","guid":{"rendered":"http:\/\/agora.xtec.cat\/escolamestralvilanova\/?p=4728"},"modified":"2021-02-19T12:58:01","modified_gmt":"2021-02-19T11:58:01","slug":"consignes-carnaval-dia-4-2","status":"publish","type":"post","link":"https:\/\/agora.xtec.cat\/escolamestralvilanova\/infantil\/consignes-carnaval-dia-4-2\/","title":{"rendered":"CONSIGNES CARNAVAL: Dia 4"},"content":{"rendered":"<p>Seguint el manifest del Rei Carnestoltes, avui hem vingut a l\u2019escola disfressats d&#8217;animal!<\/p>\n<p><em>\u201cDisfressat d&#8217;animal haur\u00e0s de venir, orelles de gat, plomes d&#8217;ocell, escates de peix&#8230; El Carnaval ja \u00e9s aqu\u00ed i molt ens hem de divertir!\u201d<\/em><\/p>\n<ul>\n<li><a href=\"https:\/\/photos.app.goo.gl\/8Vn4dCTvMTdZBn1dA\">ENLLA\u00c7 A LES FOTOGRAFIES<\/a><\/li>\n<\/ul>\n<p><a href=\"https:\/\/photos.app.goo.gl\/8Vn4dCTvMTdZBn1dA\"><img loading=\"lazy\" decoding=\"async\" class=\"alignnone size-medium wp-image-4729\" src=\"https:\/\/agora.xtec.cat\/escolamestralvilanova\/wp-content\/uploads\/usu729\/2021\/02\/ad0f0cce-8a6d-4d57-b52e-6fa8f29f21f9-225x300.jpg\" alt=\"\" width=\"225\" height=\"300\" srcset=\"https:\/\/agora.xtec.cat\/escolamestralvilanova\/wp-content\/uploads\/usu729\/2021\/02\/ad0f0cce-8a6d-4d57-b52e-6fa8f29f21f9-225x300.jpg 225w, https:\/\/agora.xtec.cat\/escolamestralvilanova\/wp-content\/uploads\/usu729\/2021\/02\/ad0f0cce-8a6d-4d57-b52e-6fa8f29f21f9-768x1024.jpg 768w, https:\/\/agora.xtec.cat\/escolamestralvilanova\/wp-content\/uploads\/usu729\/2021\/02\/ad0f0cce-8a6d-4d57-b52e-6fa8f29f21f9.jpg 1200w\" sizes=\"auto, (max-width: 225px) 100vw, 225px\" \/><\/a><\/p>\n","protected":false},"excerpt":{"rendered":"<p>Seguint el manifest del Rei Carnestoltes, avui hem vingut a l\u2019escola disfressats d&#8217;animal!<br \/>\n\u201cDisfressat d&#8217;animal haur\u00e0s de venir, orelles de gat, plomes d&#8217;ocell, escates de peix&#8230; El Carnaval ja \u00e9s aqu\u00ed i molt ens hem de divertir!\u201d<\/p>\n<ul>\n<li><a href=\"https:\/\/photos.app.goo.gl\/8Vn4dCTvMTdZBn1dA\">ENLLA\u00c7 A LES FOTOGRAFIES<\/a><\/li>\n<\/ul>\n<p><a href=\"https:\/\/photos.app.goo.gl\/8Vn4dCTvMTdZBn1dA\"><\/a><\/p>\n","protected":false},"author":1,"featured_media":0,"comment_status":"open","ping_status":"closed","sticky":false,"template":"","format":"standard","meta":{"_bbp_topic_count":0,"_bbp_reply_count":0,"_bbp_total_topic_count":0,"_bbp_total_reply_count":0,"_bbp_voice_count":0,"_bbp_anonymous_reply_count":0,"_bbp_topic_count_hidden":0,"_bbp_reply_count_hidden":0,"_bbp_forum_subforum_count":0,"footnotes":""},"categories":[13,11,12,15,3,14,8,9,10,59,2,4,5],"tags":[],"class_list":["post-4728","post","type-post","status-publish","format-standard","hentry","category-cinque","category-cicle-inicial","category-tercer-quart","category-cicle-superior","category-ei3-ei4-ei5","category-ei1-ei2","category-ei4","category-ei5","category-ei5-primer","category-primer-cicle-ed-infantil","category-infantil","category-portada","category-primaria"],"post_mailing_queue_ids":[],"_links":{"self":[{"href":"https:\/\/agora.xtec.cat\/escolamestralvilanova\/wp-json\/wp\/v2\/posts\/4728","targetHints":{"allow":["GET"]}}],"collection":[{"href":"https:\/\/agora.xtec.cat\/escolamestralvilanova\/wp-json\/wp\/v2\/posts"}],"about":[{"href":"https:\/\/agora.xtec.cat\/escolamestralvilanova\/wp-json\/wp\/v2\/types\/post"}],"author":[{"embeddable":true,"href":"https:\/\/agora.xtec.cat\/escolamestralvilanova\/wp-json\/wp\/v2\/users\/1"}],"replies":[{"embeddable":true,"href":"https:\/\/agora.xtec.cat\/escolamestralvilanova\/wp-json\/wp\/v2\/comments?post=4728"}],"version-history":[{"count":1,"href":"https:\/\/agora.xtec.cat\/escolamestralvilanova\/wp-json\/wp\/v2\/posts\/4728\/revisions"}],"predecessor-version":[{"id":4730,"href":"https:\/\/agora.xtec.cat\/escolamestralvilanova\/wp-json\/wp\/v2\/posts\/4728\/revisions\/4730"}],"wp:attachment":[{"href":"https:\/\/agora.xtec.cat\/escolamestralvilanova\/wp-json\/wp\/v2\/media?parent=4728"}],"wp:term":[{"taxonomy":"category","embeddable":true,"href":"https:\/\/agora.xtec.cat\/escolamestralvilanova\/wp-json\/wp\/v2\/categories?post=4728"},{"taxonomy":"post_tag","embeddable":true,"href":"https:\/\/agora.xtec.cat\/escolamestralvilanova\/wp-json\/wp\/v2\/tags?post=4728"}],"curies":[{"name":"wp","href":"https:\/\/api.w.org\/{rel}","templated":true}]}}