{"id":4715,"date":"2021-02-17T17:05:04","date_gmt":"2021-02-17T16:05:04","guid":{"rendered":"http:\/\/agora.xtec.cat\/escolamestralvilanova\/?p=4715"},"modified":"2021-02-17T17:10:14","modified_gmt":"2021-02-17T16:10:14","slug":"consignes-carnaval-dia-2","status":"publish","type":"post","link":"https:\/\/agora.xtec.cat\/escolamestralvilanova\/infantil\/consignes-carnaval-dia-2\/","title":{"rendered":"CONSIGNES CARNAVAL: Dia 2"},"content":{"rendered":"<p>Seguint el manifest del Rei Carnestoltes, avui hem vingut a escola ben pentinats\/des!.<\/p>\n<p><em>&#8220;Vindr\u00e0s amb un pentinat divertit, tan si ets gran com si ets petit,. A veure qui ser\u00e0 el m\u00e9s atrevit!&#8221;<\/em><\/p>\n<ul>\n<li><a href=\"https:\/\/photos.google.com\/share\/AF1QipPiuHQJbQVOUWpLDXEs1HVi3pgb1VSUY6kLmBqfr8lh4dF7EPrJoSlhyb0wm5hmnQ?key=T1ZyajY5OE5oV1Q5Vi1rRTgzY3ZENlhPT2p6c0l3\">ENLLA\u00c7 A LES FOTOGRAFIES<\/a><\/li>\n<\/ul>\n<p><a href=\"https:\/\/photos.google.com\/share\/AF1QipPiuHQJbQVOUWpLDXEs1HVi3pgb1VSUY6kLmBqfr8lh4dF7EPrJoSlhyb0wm5hmnQ?key=T1ZyajY5OE5oV1Q5Vi1rRTgzY3ZENlhPT2p6c0l3\"><img loading=\"lazy\" decoding=\"async\" class=\"alignnone size-medium wp-image-4716\" src=\"https:\/\/agora.xtec.cat\/escolamestralvilanova\/wp-content\/uploads\/usu729\/2021\/02\/5132e490-fcf9-49c3-a599-00696d720f7b-300x225.jpg\" alt=\"\" width=\"300\" height=\"225\" srcset=\"https:\/\/agora.xtec.cat\/escolamestralvilanova\/wp-content\/uploads\/usu729\/2021\/02\/5132e490-fcf9-49c3-a599-00696d720f7b-300x225.jpg 300w, https:\/\/agora.xtec.cat\/escolamestralvilanova\/wp-content\/uploads\/usu729\/2021\/02\/5132e490-fcf9-49c3-a599-00696d720f7b-768x576.jpg 768w, https:\/\/agora.xtec.cat\/escolamestralvilanova\/wp-content\/uploads\/usu729\/2021\/02\/5132e490-fcf9-49c3-a599-00696d720f7b.jpg 1024w, https:\/\/agora.xtec.cat\/escolamestralvilanova\/wp-content\/uploads\/usu729\/2021\/02\/5132e490-fcf9-49c3-a599-00696d720f7b-200x150.jpg 200w\" sizes=\"auto, (max-width: 300px) 100vw, 300px\" \/><\/a><\/p>\n","protected":false},"excerpt":{"rendered":"<p>Seguint el manifest del Rei Carnestoltes, avui hem vingut a escola ben pentinats\/des!.<br \/>\n&#8220;Vindr\u00e0s amb un pentinat divertit, tan si ets gran com si ets petit,. A veure qui ser\u00e0 el m\u00e9s atrevit!&#8221;<\/p>\n<ul>\n<li><a href=\"https:\/\/photos.google.com\/share\/AF1QipPiuHQJbQVOUWpLDXEs1HVi3pgb1VSUY6kLmBqfr8lh4dF7EPrJoSlhyb0wm5hmnQ?key=T1ZyajY5OE5oV1Q5Vi1rRTgzY3ZENlhPT2p6c0l3\">ENLLA\u00c7 A LES FOTOGRAFIES<\/a><\/li>\n<\/ul>\n<p><a href=\"https:\/\/photos.google.com\/share\/AF1QipPiuHQJbQVOUWpLDXEs1HVi3pgb1VSUY6kLmBqfr8lh4dF7EPrJoSlhyb0wm5hmnQ?key=T1ZyajY5OE5oV1Q5Vi1rRTgzY3ZENlhPT2p6c0l3\"><\/a><\/p>\n","protected":false},"author":1,"featured_media":0,"comment_status":"open","ping_status":"closed","sticky":false,"template":"","format":"standard","meta":{"_bbp_topic_count":0,"_bbp_reply_count":0,"_bbp_total_topic_count":0,"_bbp_total_reply_count":0,"_bbp_voice_count":0,"_bbp_anonymous_reply_count":0,"_bbp_topic_count_hidden":0,"_bbp_reply_count_hidden":0,"_bbp_forum_subforum_count":0,"footnotes":""},"categories":[13,11,12,15,3,14,8,9,10,59,2,4,5],"tags":[],"class_list":["post-4715","post","type-post","status-publish","format-standard","hentry","category-cinque","category-cicle-inicial","category-tercer-quart","category-cicle-superior","category-ei3-ei4-ei5","category-ei1-ei2","category-ei4","category-ei5","category-ei5-primer","category-primer-cicle-ed-infantil","category-infantil","category-portada","category-primaria"],"post_mailing_queue_ids":[],"_links":{"self":[{"href":"https:\/\/agora.xtec.cat\/escolamestralvilanova\/wp-json\/wp\/v2\/posts\/4715","targetHints":{"allow":["GET"]}}],"collection":[{"href":"https:\/\/agora.xtec.cat\/escolamestralvilanova\/wp-json\/wp\/v2\/posts"}],"about":[{"href":"https:\/\/agora.xtec.cat\/escolamestralvilanova\/wp-json\/wp\/v2\/types\/post"}],"author":[{"embeddable":true,"href":"https:\/\/agora.xtec.cat\/escolamestralvilanova\/wp-json\/wp\/v2\/users\/1"}],"replies":[{"embeddable":true,"href":"https:\/\/agora.xtec.cat\/escolamestralvilanova\/wp-json\/wp\/v2\/comments?post=4715"}],"version-history":[{"count":2,"href":"https:\/\/agora.xtec.cat\/escolamestralvilanova\/wp-json\/wp\/v2\/posts\/4715\/revisions"}],"predecessor-version":[{"id":4722,"href":"https:\/\/agora.xtec.cat\/escolamestralvilanova\/wp-json\/wp\/v2\/posts\/4715\/revisions\/4722"}],"wp:attachment":[{"href":"https:\/\/agora.xtec.cat\/escolamestralvilanova\/wp-json\/wp\/v2\/media?parent=4715"}],"wp:term":[{"taxonomy":"category","embeddable":true,"href":"https:\/\/agora.xtec.cat\/escolamestralvilanova\/wp-json\/wp\/v2\/categories?post=4715"},{"taxonomy":"post_tag","embeddable":true,"href":"https:\/\/agora.xtec.cat\/escolamestralvilanova\/wp-json\/wp\/v2\/tags?post=4715"}],"curies":[{"name":"wp","href":"https:\/\/api.w.org\/{rel}","templated":true}]}}