{"id":4712,"date":"2021-02-17T16:26:21","date_gmt":"2021-02-17T15:26:21","guid":{"rendered":"http:\/\/agora.xtec.cat\/escolamestralvilanova\/?p=4712"},"modified":"2021-02-18T10:00:21","modified_gmt":"2021-02-18T09:00:21","slug":"poble-o-ciutat","status":"publish","type":"post","link":"https:\/\/agora.xtec.cat\/escolamestralvilanova\/portada\/poble-o-ciutat\/","title":{"rendered":"POBLE O CIUTAT?"},"content":{"rendered":"<p>Els infants de primer seguim treballant el centre d&#8217;inter\u00e8s de EL NOSTRE POBLE.<\/p>\n<p>Jan hem treballat els llocs d&#8217;inter\u00e8s del poble i ara hem comen\u00e7at a investigar quines s\u00f3n les difer\u00e8ncies entre el poble i la ciutat.<\/p>\n<p>Hem treballat una can\u00e7\u00f3 del grup EL POT PETIT que es titula &#8220;Poble o ciutat&#8221;. Aquesta ens ha fet pensar en com \u00e9s de diferent viure en un poble o una ciutat. Aquesta tarda hem fet una llista de caracter\u00edstiques que diferencien aquest dos espais i hem vist un v\u00eddeo informatiu.<\/p>\n<p>A continuaci\u00f3 hem comen\u00e7at a crear els nostres murals on hav\u00edem de representar un poble o una ciutat.<\/p>\n<p>En ha agradat molt aquesta activitat i hem apr\u00e8s coses que no sab\u00edem!<\/p>\n<ul>\n<li><a href=\"https:\/\/photos.app.goo.gl\/JVw3ThPF6Nz8gizk9\">ENLLA\u00c7 A LES FOTOGRAFIES<\/a><\/li>\n<\/ul>\n<p><a href=\"https:\/\/agora.xtec.cat\/escolamestralvilanova\/wp-content\/uploads\/usu729\/2021\/02\/IMG-6154.jpg\"><img loading=\"lazy\" decoding=\"async\" class=\"alignnone size-large wp-image-4713\" src=\"https:\/\/agora.xtec.cat\/escolamestralvilanova\/wp-content\/uploads\/usu729\/2021\/02\/IMG-6154-1024x957.jpg\" alt=\"\" width=\"1024\" height=\"957\" srcset=\"https:\/\/agora.xtec.cat\/escolamestralvilanova\/wp-content\/uploads\/usu729\/2021\/02\/IMG-6154-1024x957.jpg 1024w, https:\/\/agora.xtec.cat\/escolamestralvilanova\/wp-content\/uploads\/usu729\/2021\/02\/IMG-6154-300x280.jpg 300w, https:\/\/agora.xtec.cat\/escolamestralvilanova\/wp-content\/uploads\/usu729\/2021\/02\/IMG-6154-768x718.jpg 768w, https:\/\/agora.xtec.cat\/escolamestralvilanova\/wp-content\/uploads\/usu729\/2021\/02\/IMG-6154.jpg 1797w\" sizes=\"auto, (max-width: 1024px) 100vw, 1024px\" \/><\/a><\/p>\n<p>&nbsp;<\/p>\n","protected":false},"excerpt":{"rendered":"<p>Els infants de primer seguim treballant el centre d&#8217;inter\u00e8s de EL NOSTRE POBLE.<br \/>\nJan hem treballat els llocs d&#8217;inter\u00e8s del poble i ara hem comen\u00e7at a investigar quines s\u00f3n les difer\u00e8ncies entre el poble i la ciutat.<br \/>\nHem treballat una can\u00e7\u00f3 del grup EL POT PETIT que&hellip;  <a href=\"https:\/\/agora.xtec.cat\/escolamestralvilanova\/portada\/poble-o-ciutat\/\" title=\"Read POBLE O CIUTAT?\">Llegeix m\u00e9s\u00bb<\/a><\/p>\n","protected":false},"author":6,"featured_media":0,"comment_status":"open","ping_status":"closed","sticky":false,"template":"","format":"standard","meta":{"_bbp_topic_count":0,"_bbp_reply_count":0,"_bbp_total_topic_count":0,"_bbp_total_reply_count":0,"_bbp_voice_count":0,"_bbp_anonymous_reply_count":0,"_bbp_topic_count_hidden":0,"_bbp_reply_count_hidden":0,"_bbp_forum_subforum_count":0,"footnotes":""},"categories":[10,4,5],"tags":[],"class_list":["post-4712","post","type-post","status-publish","format-standard","hentry","category-ei5-primer","category-portada","category-primaria"],"post_mailing_queue_ids":[],"_links":{"self":[{"href":"https:\/\/agora.xtec.cat\/escolamestralvilanova\/wp-json\/wp\/v2\/posts\/4712","targetHints":{"allow":["GET"]}}],"collection":[{"href":"https:\/\/agora.xtec.cat\/escolamestralvilanova\/wp-json\/wp\/v2\/posts"}],"about":[{"href":"https:\/\/agora.xtec.cat\/escolamestralvilanova\/wp-json\/wp\/v2\/types\/post"}],"author":[{"embeddable":true,"href":"https:\/\/agora.xtec.cat\/escolamestralvilanova\/wp-json\/wp\/v2\/users\/6"}],"replies":[{"embeddable":true,"href":"https:\/\/agora.xtec.cat\/escolamestralvilanova\/wp-json\/wp\/v2\/comments?post=4712"}],"version-history":[{"count":2,"href":"https:\/\/agora.xtec.cat\/escolamestralvilanova\/wp-json\/wp\/v2\/posts\/4712\/revisions"}],"predecessor-version":[{"id":4723,"href":"https:\/\/agora.xtec.cat\/escolamestralvilanova\/wp-json\/wp\/v2\/posts\/4712\/revisions\/4723"}],"wp:attachment":[{"href":"https:\/\/agora.xtec.cat\/escolamestralvilanova\/wp-json\/wp\/v2\/media?parent=4712"}],"wp:term":[{"taxonomy":"category","embeddable":true,"href":"https:\/\/agora.xtec.cat\/escolamestralvilanova\/wp-json\/wp\/v2\/categories?post=4712"},{"taxonomy":"post_tag","embeddable":true,"href":"https:\/\/agora.xtec.cat\/escolamestralvilanova\/wp-json\/wp\/v2\/tags?post=4712"}],"curies":[{"name":"wp","href":"https:\/\/api.w.org\/{rel}","templated":true}]}}