{"id":4706,"date":"2021-02-16T17:42:09","date_gmt":"2021-02-16T16:42:09","guid":{"rendered":"http:\/\/agora.xtec.cat\/escolamestralvilanova\/?p=4706"},"modified":"2021-02-16T17:42:18","modified_gmt":"2021-02-16T16:42:18","slug":"consignes-carnaval-dia-1","status":"publish","type":"post","link":"https:\/\/agora.xtec.cat\/escolamestralvilanova\/general\/consignes-carnaval-dia-1\/","title":{"rendered":"CONSIGNES CARNAVAL: Dia 1"},"content":{"rendered":"<p>Seguint el manifest del Rei Carnestoltes, avui hem vingut a escola vestits d&#8217;esportistes.<\/p>\n<p><em>&#8220;\u00c9s un dia molt especial perqu\u00e8 ja s&#8217;acosta Carnaval! Fer esport \u00e9s molt sa i d&#8217;esportista haur\u00e0s d&#8217;anar!&#8221;\u00a0<\/em><\/p>\n<ul>\n<li><a href=\"https:\/\/photos.app.goo.gl\/hD8pEXGeDmLMumbN7\">ENLLA\u00c7 A LES FOTOGRAFIES<\/a><\/li>\n<\/ul>\n<p><a href=\"https:\/\/photos.app.goo.gl\/hD8pEXGeDmLMumbN7\"><img loading=\"lazy\" decoding=\"async\" class=\"alignnone size-medium wp-image-4707\" src=\"https:\/\/agora.xtec.cat\/escolamestralvilanova\/wp-content\/uploads\/usu729\/2021\/02\/e7f49eb7-965e-46f4-bc76-c79ce17365fa-300x225.jpg\" alt=\"\" width=\"300\" height=\"225\" srcset=\"https:\/\/agora.xtec.cat\/escolamestralvilanova\/wp-content\/uploads\/usu729\/2021\/02\/e7f49eb7-965e-46f4-bc76-c79ce17365fa-300x225.jpg 300w, https:\/\/agora.xtec.cat\/escolamestralvilanova\/wp-content\/uploads\/usu729\/2021\/02\/e7f49eb7-965e-46f4-bc76-c79ce17365fa-768x576.jpg 768w, https:\/\/agora.xtec.cat\/escolamestralvilanova\/wp-content\/uploads\/usu729\/2021\/02\/e7f49eb7-965e-46f4-bc76-c79ce17365fa-1024x768.jpg 1024w, https:\/\/agora.xtec.cat\/escolamestralvilanova\/wp-content\/uploads\/usu729\/2021\/02\/e7f49eb7-965e-46f4-bc76-c79ce17365fa-200x150.jpg 200w, https:\/\/agora.xtec.cat\/escolamestralvilanova\/wp-content\/uploads\/usu729\/2021\/02\/e7f49eb7-965e-46f4-bc76-c79ce17365fa.jpg 1600w\" sizes=\"auto, (max-width: 300px) 100vw, 300px\" \/><\/a><\/p>\n<p>&nbsp;<\/p>\n","protected":false},"excerpt":{"rendered":"<p>Seguint el manifest del Rei Carnestoltes, avui hem vingut a escola vestits d&#8217;esportistes.<br \/>\n&#8220;\u00c9s un dia molt especial perqu\u00e8 ja s&#8217;acosta Carnaval! Fer esport \u00e9s molt sa i d&#8217;esportista haur\u00e0s d&#8217;anar!&#8221;\u00a0<\/p>\n<ul>\n<li><a href=\"https:\/\/photos.app.goo.gl\/hD8pEXGeDmLMumbN7\">ENLLA\u00c7 A LES FOTOGRAFIES<\/a><\/li>\n<\/ul>\n<p><a href=\"https:\/\/photos.app.goo.gl\/hD8pEXGeDmLMumbN7\"><\/a><br \/>\n&nbsp;<\/p>\n","protected":false},"author":6,"featured_media":0,"comment_status":"open","ping_status":"closed","sticky":false,"template":"","format":"standard","meta":{"_bbp_topic_count":0,"_bbp_reply_count":0,"_bbp_total_topic_count":0,"_bbp_total_reply_count":0,"_bbp_voice_count":0,"_bbp_anonymous_reply_count":0,"_bbp_topic_count_hidden":0,"_bbp_reply_count_hidden":0,"_bbp_forum_subforum_count":0,"footnotes":""},"categories":[13,11,12,15,3,14,8,9,10,59,1,2,4,5],"tags":[],"class_list":["post-4706","post","type-post","status-publish","format-standard","hentry","category-cinque","category-cicle-inicial","category-tercer-quart","category-cicle-superior","category-ei3-ei4-ei5","category-ei1-ei2","category-ei4","category-ei5","category-ei5-primer","category-primer-cicle-ed-infantil","category-general","category-infantil","category-portada","category-primaria"],"post_mailing_queue_ids":[],"_links":{"self":[{"href":"https:\/\/agora.xtec.cat\/escolamestralvilanova\/wp-json\/wp\/v2\/posts\/4706","targetHints":{"allow":["GET"]}}],"collection":[{"href":"https:\/\/agora.xtec.cat\/escolamestralvilanova\/wp-json\/wp\/v2\/posts"}],"about":[{"href":"https:\/\/agora.xtec.cat\/escolamestralvilanova\/wp-json\/wp\/v2\/types\/post"}],"author":[{"embeddable":true,"href":"https:\/\/agora.xtec.cat\/escolamestralvilanova\/wp-json\/wp\/v2\/users\/6"}],"replies":[{"embeddable":true,"href":"https:\/\/agora.xtec.cat\/escolamestralvilanova\/wp-json\/wp\/v2\/comments?post=4706"}],"version-history":[{"count":1,"href":"https:\/\/agora.xtec.cat\/escolamestralvilanova\/wp-json\/wp\/v2\/posts\/4706\/revisions"}],"predecessor-version":[{"id":4708,"href":"https:\/\/agora.xtec.cat\/escolamestralvilanova\/wp-json\/wp\/v2\/posts\/4706\/revisions\/4708"}],"wp:attachment":[{"href":"https:\/\/agora.xtec.cat\/escolamestralvilanova\/wp-json\/wp\/v2\/media?parent=4706"}],"wp:term":[{"taxonomy":"category","embeddable":true,"href":"https:\/\/agora.xtec.cat\/escolamestralvilanova\/wp-json\/wp\/v2\/categories?post=4706"},{"taxonomy":"post_tag","embeddable":true,"href":"https:\/\/agora.xtec.cat\/escolamestralvilanova\/wp-json\/wp\/v2\/tags?post=4706"}],"curies":[{"name":"wp","href":"https:\/\/api.w.org\/{rel}","templated":true}]}}