{"id":4696,"date":"2021-02-12T15:34:55","date_gmt":"2021-02-12T14:34:55","guid":{"rendered":"http:\/\/agora.xtec.cat\/escolamestralvilanova\/?p=4696"},"modified":"2021-02-12T15:35:03","modified_gmt":"2021-02-12T14:35:03","slug":"iii-setmana-de-la-ciencia-la-dona-i-la-ciencia","status":"publish","type":"post","link":"https:\/\/agora.xtec.cat\/escolamestralvilanova\/infantil\/iii-setmana-de-la-ciencia-la-dona-i-la-ciencia\/","title":{"rendered":"III SETMANA DE LA CI\u00c8NCIA: LA DONA I LA CI\u00c8NCIA"},"content":{"rendered":"<p>El dijous, dia de la dona i la ci\u00e8ncia, vam reflexionar sobre el paper de la dona a la ci\u00e8ncia, va ser un bon moment per parlar amb els alumnes sobre la import\u00e0ncia de la dona a la ci\u00e8ncia.<\/p>\n<blockquote><p><em>L\u2019anualitat d\u2019aquest dia internacional, que es va celebrar l\u201911 de febrer de 2016 per primera vegada, va ser impulsada per les iniciatives de l\u2019<strong>Organitzaci\u00f3 de les Nacions Unides<\/strong>\u00a0per a l\u2019Educaci\u00f3, la Ci\u00e8ncia i la Cultura (Unesco), l\u2019ONU-Dones i altres organitzacions competents amb l\u2019objectiu de promoure l\u2019acc\u00e9s equitatiu i ple de dones i nenes a l\u2019educaci\u00f3 en els \u00e0mbits de la ci\u00e8ncia, la tecnologia, l\u2019enginyeria i les matem\u00e0tiques (Educaci\u00f3 STEM).\u00a0<\/em><\/p><\/blockquote>\n<p>Us adjuntem els v\u00eddeos que vam visionar:<\/p>\n<p><iframe loading=\"lazy\" src=\"https:\/\/www.youtube.com\/embed\/Fx0ztzf-2V0\" width=\"560\" height=\"315\" frameborder=\"0\"><\/iframe><\/p>\n<p><iframe loading=\"lazy\" src=\"https:\/\/www.youtube.com\/embed\/4YTym3zcptg\" width=\"560\" height=\"315\" frameborder=\"0\"><\/iframe><\/p>\n","protected":false},"excerpt":{"rendered":"<p>El dijous, dia de la dona i la ci\u00e8ncia, vam reflexionar sobre el paper de la dona a la ci\u00e8ncia, va ser un bon moment per parlar amb els alumnes sobre la import\u00e0ncia de la dona a la ci\u00e8ncia.<br \/>\nL\u2019anualitat d\u2019aquest dia internacional, que es va&hellip;  <a href=\"https:\/\/agora.xtec.cat\/escolamestralvilanova\/infantil\/iii-setmana-de-la-ciencia-la-dona-i-la-ciencia\/\" title=\"Read III SETMANA DE LA CI\u00c8NCIA: LA DONA I LA CI\u00c8NCIA\">Llegeix m\u00e9s\u00bb<\/a><\/p>\n","protected":false},"author":1,"featured_media":0,"comment_status":"open","ping_status":"closed","sticky":false,"template":"","format":"standard","meta":{"_bbp_topic_count":0,"_bbp_reply_count":0,"_bbp_total_topic_count":0,"_bbp_total_reply_count":0,"_bbp_voice_count":0,"_bbp_anonymous_reply_count":0,"_bbp_topic_count_hidden":0,"_bbp_reply_count_hidden":0,"_bbp_forum_subforum_count":0,"footnotes":""},"categories":[13,11,12,15,3,8,9,10,2,4,5],"tags":[],"class_list":["post-4696","post","type-post","status-publish","format-standard","hentry","category-cinque","category-cicle-inicial","category-tercer-quart","category-cicle-superior","category-ei3-ei4-ei5","category-ei4","category-ei5","category-ei5-primer","category-infantil","category-portada","category-primaria"],"post_mailing_queue_ids":[],"_links":{"self":[{"href":"https:\/\/agora.xtec.cat\/escolamestralvilanova\/wp-json\/wp\/v2\/posts\/4696","targetHints":{"allow":["GET"]}}],"collection":[{"href":"https:\/\/agora.xtec.cat\/escolamestralvilanova\/wp-json\/wp\/v2\/posts"}],"about":[{"href":"https:\/\/agora.xtec.cat\/escolamestralvilanova\/wp-json\/wp\/v2\/types\/post"}],"author":[{"embeddable":true,"href":"https:\/\/agora.xtec.cat\/escolamestralvilanova\/wp-json\/wp\/v2\/users\/1"}],"replies":[{"embeddable":true,"href":"https:\/\/agora.xtec.cat\/escolamestralvilanova\/wp-json\/wp\/v2\/comments?post=4696"}],"version-history":[{"count":1,"href":"https:\/\/agora.xtec.cat\/escolamestralvilanova\/wp-json\/wp\/v2\/posts\/4696\/revisions"}],"predecessor-version":[{"id":4697,"href":"https:\/\/agora.xtec.cat\/escolamestralvilanova\/wp-json\/wp\/v2\/posts\/4696\/revisions\/4697"}],"wp:attachment":[{"href":"https:\/\/agora.xtec.cat\/escolamestralvilanova\/wp-json\/wp\/v2\/media?parent=4696"}],"wp:term":[{"taxonomy":"category","embeddable":true,"href":"https:\/\/agora.xtec.cat\/escolamestralvilanova\/wp-json\/wp\/v2\/categories?post=4696"},{"taxonomy":"post_tag","embeddable":true,"href":"https:\/\/agora.xtec.cat\/escolamestralvilanova\/wp-json\/wp\/v2\/tags?post=4696"}],"curies":[{"name":"wp","href":"https:\/\/api.w.org\/{rel}","templated":true}]}}